{"id":43650,"date":"2024-12-16T10:28:24","date_gmt":"2024-12-16T09:28:24","guid":{"rendered":"https:\/\/www.optic2000.ch\/?p=43650"},"modified":"2026-02-18T11:17:43","modified_gmt":"2026-02-18T10:17:43","slug":"persol-brillen","status":"publish","type":"post","link":"https:\/\/www.optic2000.ch\/de\/trends\/urbaner-und-laessiger-stil\/persol-brillen\/","title":{"rendered":"PERSOL"},"content":{"rendered":"            <div class=\"hf_animated fade_bottom none default wp-block-habefast-advanced-layout-group is-layout-constrained wp-block-habefast-advanced-layout-group-is-layout-constrained\">\r\n                <div class=\"wp-block-habefast-advanced-group-container is-style- is-layout-constrained\"  style='--_hfal-cg-d-lg:flex;--_hfal-cg-p-b-lg:var(--wp--preset--spacing--80);--_hfal-cg-p-t-lg:0;--_hfal-cg-d-md:flex;--_hfal-cg-d-sm:flex;--_hfal-cg-p-b-md:var(--wp--preset--spacing--80);--_hfal-cg-p-b-sm:var(--wp--preset--spacing--80);'>\r\n                                        <div class=\"wp-block-habefast-advanced-group-inner is-layout-flow\">\r\n                        \n\n<h2 class=\"wp-block-heading\">Brillen, die Innovation und Design vereinen<\/h2>\n\n\n\n<p class=\"\">Von Anfang an hat es Persol verstanden, technologische Exzellenz mit anspruchsvollem Design zu kombinieren. Die Brillen der Marke sind nicht nur \u00e4sthetisch, sondern auch das Ergebnis sorgf\u00e4ltiger Handwerkskunst und technischer Expertise. Die Gl\u00e4ser der Persol Brillen werden strengen Tests unterzogen, um eine optimale Qualit\u00e4t und Haltbarkeit zu gew\u00e4hrleisten. Alle Brillen werden in den historischen Werkst\u00e4tten der Marke in Turin handgefertigt, um eine unvergleichliche Qualit\u00e4t zu garantieren.<\/p>\n\n\n\n<p class=\"\">Die Modelle von Persol zeichnen sich durch einzigartige technische Merkmale aus. Die pfeilf\u00f6rmigen Scharniere, die zum Markenzeichen geworden sind, b\u00fcrgen f\u00fcr eine hohe Robustheit. Dar\u00fcber hinaus sorgt das flexible B\u00fcgelsystem mit drei integrierten Zylindern f\u00fcr maximalen Komfort. Der Steg in Schl\u00fcssellochform, ein weiteres Markenzeichen, verbessert zus\u00e4tzlich den Tragekomfort, so dass sich die Brille perfekt an jedes Gesicht anpasst.<\/p>\n\n                    <\/div>\r\n                <\/div>\r\n            <\/div>\r\n            \n\n\n<div class=\"wp-block-optic-hero-products-v2 alignfull\" style=\"--mobilePosX:0%;--mobilePosY:0%\"><div class=\"wp-block-optic-hero-products-container is-animated-scale-parent\"><div class=\"wp-block-optic-image-selector  \"><img src=\"https:\/\/www.optic2000.ch\/wp-content\/uploads\/2024\/12\/optic-2000-conseils-tendances-persol-1-1.jpg\" alt=\"Optic 2000 Conseils Tendances Persol 1\" srcset=\"https:\/\/www.optic2000.ch\/wp-content\/uploads\/2024\/12\/optic-2000-conseils-tendances-persol-1-1-150x150.jpg 150w, https:\/\/www.optic2000.ch\/wp-content\/uploads\/2024\/12\/optic-2000-conseils-tendances-persol-1-1-300x115.jpg 300w, https:\/\/www.optic2000.ch\/wp-content\/uploads\/2024\/12\/optic-2000-conseils-tendances-persol-1-1-1024x392.jpg 640w, https:\/\/www.optic2000.ch\/wp-content\/uploads\/2024\/12\/optic-2000-conseils-tendances-persol-1-1.jpg 1268w\" sizes=\"(max-width: 150px) 150px, (max-width: 300px) 300px, (max-width: 640px) 640px, (max-width: 1268px) 1268px, 1268px\" loading=\"lazy\" class=\"wp-block-optic-image-selector-img is-animated-scale \" decoding=\"async\"\/><\/div><div class=\"wp-block-optic-hero-products-wrapper\"><div class=\"wp-block-optic-hero-products-content\"><div class=\"is-layout-constrained wp-block-optic-hero-products-v2-is-layout-constrained\">\n<h2 class=\"wp-block-heading alignwide has-text-align-left has-theme-white-color has-text-color has-link-color has-large-font-size wp-elements-46580de4830eeadb5dab7204a0b0da91\" style=\"padding-bottom:0;letter-spacing:0px\">UNSERE FASSUNGEN PERSOL<\/h2>\n<\/div><\/div><div class=\"is-layout-constrained\">        <div class=\"wp-block-optic-hero-products-v2-products o-catalog is-new-catalog alignwide\">\n            <div class=\"wp-block-optic-hero-products-v2-products-row\">\n                                        <div class=\"wp-block-optic-hero-products-v2-products-item\">\n                            <div class=\"o-catalog-content-item-container has-second-img\">\n                                <div class=\"o-catalog-content-item-container-rel\">\n                                                                            <a href=\"https:\/\/www.optic2000.ch\/de\/katalog-produkt\/gucci-gg1411o-ecaille\/\">\n                                                                                    <div class=\"o-catalog-content-item-preview\">\n                                                                                            <div\n                                                    class=\"o-catalog-content-item-preview-images has-second-img\">\n                                                    <div class=\"o-catalog-content-item-preview-images-first\">\n                                                                        <img src=\"https:\/\/www.optic2000.ch\/wp-content\/uploads\/akeneo_products_images\/sizes\/3b432df47456a034ad6c48e6de5064011e0f55a3_00889652438009_GG1411O_Ecaille_THREEQUARTER-1000.png\" alt=\"Gucci GG1411O Ecaille\" srcset=\"https:\/\/www.optic2000.ch\/wp-content\/uploads\/akeneo_products_images\/sizes\/3b432df47456a034ad6c48e6de5064011e0f55a3_00889652438009_GG1411O_Ecaille_THREEQUARTER-1000.png 1000w\" sizes=\"(max-width: 800px) 800px\"\n                    decoding=\"async\" loading=\"lazy\">\n                                                                    <\/div>\n                                                                                                            <div class=\"o-catalog-content-item-preview-images-second\">\n                                                                            <img src=\"https:\/\/www.optic2000.ch\/wp-content\/uploads\/akeneo_products_images\/sizes\/e5862dcdcc3e189bd21bee0b9ca5aac4082bcdd3_00889652438009_GG1411O_Ecaille_FACE-1000.png\" alt=\"Gucci GG1411O Ecaille\" srcset=\"https:\/\/www.optic2000.ch\/wp-content\/uploads\/akeneo_products_images\/sizes\/e5862dcdcc3e189bd21bee0b9ca5aac4082bcdd3_00889652438009_GG1411O_Ecaille_FACE-1000.png 1000w\" sizes=\"(max-width: 800px) 800px\"\n                    decoding=\"async\" loading=\"lazy\">\n                                                                        <\/div>\n                                                                                                        <\/div>\n                                                        <div class=\"o-catalog-content-item-preview-actions-btn is-mobile\">\n                        <div class=\"o-catalog-content-item-preview-actions-btn-item\">\n                Damen            <\/div>\n                    <\/div>\n                                                <\/div>\n                                        <div class=\"o-catalog-content-item-content\">\n                                                                                        <div class=\"o-catalog-content-item-left\">\n                                                <div class=\"o-catalog-content-item-brand\">\n                                                    Gucci                                                <\/div>\n                                                <div class=\"o-catalog-content-item-model\">\n                                                    GG1411O                                                <\/div>\n                                            <\/div>\n                                        <\/div>\n                                                                                <\/a>\n                                                                            <div class=\"o-catalog-content-item-preview-actions\">\n                                        <div class=\"o-catalog-content-item-preview-actions-icons\"><\/div>\n                                                <div class=\"o-catalog-content-item-preview-actions-btn \">\n                        <div class=\"o-catalog-content-item-preview-actions-btn-item\">\n                Damen            <\/div>\n                    <\/div>\n                                            <\/div>\n                                <\/div>\n                            <\/div>\n                        <\/div>\n                                                <div class=\"wp-block-optic-hero-products-v2-products-item\">\n                            <div class=\"o-catalog-content-item-container has-second-img\">\n                                <div class=\"o-catalog-content-item-container-rel\">\n                                                                            <a href=\"https:\/\/www.optic2000.ch\/de\/katalog-produkt\/saint-laurent-sl-m97-noir\/\">\n                                                                                    <div class=\"o-catalog-content-item-preview\">\n                                                                                            <div\n                                                    class=\"o-catalog-content-item-preview-images has-second-img\">\n                                                    <div class=\"o-catalog-content-item-preview-images-first\">\n                                                                        <img src=\"https:\/\/www.optic2000.ch\/wp-content\/uploads\/akeneo_products_images\/sizes\/cdb4481007db3aaa4bb7e8388c31565b877102e7_SLM97____00889652360133-1000.jpg\" alt=\"Saint Laurent SL M97 Noir\" srcset=\"https:\/\/www.optic2000.ch\/wp-content\/uploads\/akeneo_products_images\/sizes\/cdb4481007db3aaa4bb7e8388c31565b877102e7_SLM97____00889652360133-1000.jpg 1000w\" sizes=\"(max-width: 800px) 800px\"\n                    decoding=\"async\" loading=\"lazy\">\n                                                                    <\/div>\n                                                                                                            <div class=\"o-catalog-content-item-preview-images-second\">\n                                                                            <img src=\"https:\/\/www.optic2000.ch\/wp-content\/uploads\/akeneo_products_images\/sizes\/e3fee484a82fe701880897335d81319b621bd92b_SLM97____00889652360133-1000.jpg\" alt=\"Saint Laurent SL M97 Noir\" srcset=\"https:\/\/www.optic2000.ch\/wp-content\/uploads\/akeneo_products_images\/sizes\/e3fee484a82fe701880897335d81319b621bd92b_SLM97____00889652360133-1000.jpg 1000w\" sizes=\"(max-width: 800px) 800px\"\n                    decoding=\"async\" loading=\"lazy\">\n                                                                        <\/div>\n                                                                                                        <\/div>\n                                                        <div class=\"o-catalog-content-item-preview-actions-btn is-mobile\">\n                        <div class=\"o-catalog-content-item-preview-actions-btn-item\">\n                Damen            <\/div>\n                    <\/div>\n                                                <\/div>\n                                        <div class=\"o-catalog-content-item-content\">\n                                                                                        <div class=\"o-catalog-content-item-left\">\n                                                <div class=\"o-catalog-content-item-brand\">\n                                                    Saint Laurent                                                <\/div>\n                                                <div class=\"o-catalog-content-item-model\">\n                                                    SL M97                                                <\/div>\n                                            <\/div>\n                                        <\/div>\n                                                                                <\/a>\n                                                                            <div class=\"o-catalog-content-item-preview-actions\">\n                                        <div class=\"o-catalog-content-item-preview-actions-icons\"><\/div>\n                                                <div class=\"o-catalog-content-item-preview-actions-btn \">\n                        <div class=\"o-catalog-content-item-preview-actions-btn-item\">\n                Damen            <\/div>\n                    <\/div>\n                                            <\/div>\n                                <\/div>\n                            <\/div>\n                        <\/div>\n                                                <div class=\"wp-block-optic-hero-products-v2-products-item\">\n                            <div class=\"o-catalog-content-item-container has-second-img\">\n                                <div class=\"o-catalog-content-item-container-rel\">\n                                                                            <a href=\"https:\/\/www.optic2000.ch\/de\/katalog-produkt\/paul-joe-donna01-brun-2\/\">\n                                                                                    <div class=\"o-catalog-content-item-preview\">\n                                                                                            <div\n                                                    class=\"o-catalog-content-item-preview-images has-second-img\">\n                                                    <div class=\"o-catalog-content-item-preview-images-first\">\n                                                                        <img src=\"https:\/\/www.optic2000.ch\/wp-content\/uploads\/akeneo_products_images\/sizes\/2b69f80b501e8b68cdda247c4671c624f77ea984_Nouveau_projet__11_-1000.png\" alt=\"Paul &amp; Joe DONNA01 Brun\" srcset=\"https:\/\/www.optic2000.ch\/wp-content\/uploads\/akeneo_products_images\/sizes\/2b69f80b501e8b68cdda247c4671c624f77ea984_Nouveau_projet__11_-1000.png 1000w\" sizes=\"(max-width: 800px) 800px\"\n                    decoding=\"async\" loading=\"lazy\">\n                                                                    <\/div>\n                                                                                                            <div class=\"o-catalog-content-item-preview-images-second\">\n                                                                            <img src=\"https:\/\/www.optic2000.ch\/wp-content\/uploads\/akeneo_products_images\/sizes\/a28358d380f4519e09eb8319e9f135198f0ac6ec_Nouveau_projet__10_-1000.png\" alt=\"Paul &amp; Joe DONNA01 Brun\" srcset=\"https:\/\/www.optic2000.ch\/wp-content\/uploads\/akeneo_products_images\/sizes\/a28358d380f4519e09eb8319e9f135198f0ac6ec_Nouveau_projet__10_-1000.png 1000w\" sizes=\"(max-width: 800px) 800px\"\n                    decoding=\"async\" loading=\"lazy\">\n                                                                        <\/div>\n                                                                                                        <\/div>\n                                                        <div class=\"o-catalog-content-item-preview-actions-btn is-mobile\">\n                        <div class=\"o-catalog-content-item-preview-actions-btn-item\">\n                Damen            <\/div>\n                    <\/div>\n                                                <\/div>\n                                        <div class=\"o-catalog-content-item-content\">\n                                                                                        <div class=\"o-catalog-content-item-left\">\n                                                <div class=\"o-catalog-content-item-brand\">\n                                                    Paul &amp; Joe                                                <\/div>\n                                                <div class=\"o-catalog-content-item-model\">\n                                                    DONNA01                                                <\/div>\n                                            <\/div>\n                                        <\/div>\n                                                                                <\/a>\n                                                                            <div class=\"o-catalog-content-item-preview-actions\">\n                                        <div class=\"o-catalog-content-item-preview-actions-icons\"><\/div>\n                                                <div class=\"o-catalog-content-item-preview-actions-btn \">\n                        <div class=\"o-catalog-content-item-preview-actions-btn-item\">\n                Damen            <\/div>\n                    <\/div>\n                                            <\/div>\n                                <\/div>\n                            <\/div>\n                        <\/div>\n                                                <div class=\"wp-block-optic-hero-products-v2-products-item\">\n                            <div class=\"o-catalog-content-item-container has-second-img\">\n                                <div class=\"o-catalog-content-item-container-rel\">\n                                                                            <a href=\"https:\/\/www.optic2000.ch\/de\/katalog-produkt\/baila-ofm2322-rose\/\">\n                                                                                    <div class=\"o-catalog-content-item-preview\">\n                                                                                            <div\n                                                    class=\"o-catalog-content-item-preview-images has-second-img\">\n                                                    <div class=\"o-catalog-content-item-preview-images-first\">\n                                                                        <img src=\"https:\/\/www.optic2000.ch\/wp-content\/uploads\/akeneo_products_images\/sizes\/1d0dd1367597c011308a1f270223a3601bdf7e8e_03663234161885_OFM2322_Rose_THREEQUARTER-1000.png\" alt=\"Baila OFM2322 Rose\" srcset=\"https:\/\/www.optic2000.ch\/wp-content\/uploads\/akeneo_products_images\/sizes\/1d0dd1367597c011308a1f270223a3601bdf7e8e_03663234161885_OFM2322_Rose_THREEQUARTER-1000.png 1000w\" sizes=\"(max-width: 800px) 800px\"\n                    decoding=\"async\" loading=\"lazy\">\n                                                                    <\/div>\n                                                                                                            <div class=\"o-catalog-content-item-preview-images-second\">\n                                                                            <img src=\"https:\/\/www.optic2000.ch\/wp-content\/uploads\/akeneo_products_images\/sizes\/426f4a17443987cead653886c980169190b89050_03663234161885_OFM2322_Rose_FACE-1000.png\" alt=\"Baila OFM2322 Rose\" srcset=\"https:\/\/www.optic2000.ch\/wp-content\/uploads\/akeneo_products_images\/sizes\/426f4a17443987cead653886c980169190b89050_03663234161885_OFM2322_Rose_FACE-1000.png 1000w\" sizes=\"(max-width: 800px) 800px\"\n                    decoding=\"async\" loading=\"lazy\">\n                                                                        <\/div>\n                                                                                                        <\/div>\n                                                        <div class=\"o-catalog-content-item-preview-actions-btn is-mobile\">\n                        <div class=\"o-catalog-content-item-preview-actions-btn-item\">\n                Damen            <\/div>\n                    <\/div>\n                                                <\/div>\n                                        <div class=\"o-catalog-content-item-content\">\n                                                                                        <div class=\"o-catalog-content-item-left\">\n                                                <div class=\"o-catalog-content-item-brand\">\n                                                    Baila                                                <\/div>\n                                                <div class=\"o-catalog-content-item-model\">\n                                                    OFM2322                                                <\/div>\n                                            <\/div>\n                                        <\/div>\n                                                                                <\/a>\n                                                                            <div class=\"o-catalog-content-item-preview-actions\">\n                                        <div class=\"o-catalog-content-item-preview-actions-icons\"><\/div>\n                                                <div class=\"o-catalog-content-item-preview-actions-btn \">\n                        <div class=\"o-catalog-content-item-preview-actions-btn-item\">\n                Damen            <\/div>\n                    <\/div>\n                                            <\/div>\n                                <\/div>\n                            <\/div>\n                        <\/div>\n                                    <\/div>\n        <\/div>\n        <\/div><\/div><\/div><\/div>\n\n\n\n<div class=\"wp-block-buttons is-content-justification-center is-layout-flex wp-container-core-buttons-is-layout-c5070627 wp-block-buttons-is-layout-flex\" style=\"padding-top:0\">\n<div class=\"wp-block-button\"><a class=\"wp-block-button__link wp-element-button\" href=\"https:\/\/www.optic2000.ch\/de\/katalog\/?brand=LUX_18\">ALLES ANZEIGEN<\/a><\/div>\n<\/div>\n\n\n            <div class=\"hf_animated fade_bottom none default wp-block-habefast-advanced-layout-group is-layout-constrained wp-block-habefast-advanced-layout-group-is-layout-constrained\">\r\n                <div class=\"wp-block-habefast-advanced-group-container is-style- is-layout-constrained\"  style='--_hfal-cg-d-lg:flex;--_hfal-cg-p-b-lg:var(--wp--preset--spacing--80);--_hfal-cg-p-t-lg:var(--wp--preset--spacing--80);--_hfal-cg-d-md:flex;--_hfal-cg-d-sm:flex;--_hfal-cg-p-b-md:var(--wp--preset--spacing--80);--_hfal-cg-p-b-sm:var(--wp--preset--spacing--80);--_hfal-cg-p-t-md:var(--wp--preset--spacing--80);--_hfal-cg-p-t-sm:var(--wp--preset--spacing--80);'>\r\n                                        <div class=\"wp-block-habefast-advanced-group-inner is-layout-flow\">\r\n                        \n\n<h2 class=\"wp-block-heading\">Geniessen Sie mit Persol jeden Augenblick<\/h2>\n\n\n\n<p class=\"\">Einige Produktlinien der Sonnen- und Sehbrillen, die sowohl f\u00fcr M\u00e4nner als auch f\u00fcr Frauen entworfen wurden, sind von der mediterranen Landschaft und dem wechselnden Licht am Morgen inspiriert. Die geometrischen und metallischen Fassungen verleihen der Marke einen modernen Touch und bewahren gleichzeitig ihre zeitlose Eleganz.<\/p>\n\n\n\n<p class=\"\">Das ikonische Modell Persol 649 erfreut sich weiterhin grosser Beliebtheit. Es ist in verschiedenen Versionen erh\u00e4ltlich, die allen Anspr\u00fcchen gerecht werden. Die Version 649 Series hat ein schlankeres und leichteres Design, w\u00e4hrend das Modell 649 Evolution die klassischen Linien des 649 Modells beibeh\u00e4lt, aber die Fassungen mit d\u00fcnneren Materialien und Gl\u00e4sern, die f\u00fcr Sonnen- oder Sehbrillen erh\u00e4ltlich sind, modernisiert.<\/p>\n\n\n\n<p class=\"\">Wenn Sie auf der Suche nach einer hochwertigen, zeitlosen und pr\u00e4zise gefertigten Brille sind, ist Persol die perfekte Wahl.<\/p>\n\n                    <\/div>\r\n                <\/div>\r\n            <\/div>\r\n            \n\n\n<p class=\"\"><\/p>\n","protected":false},"excerpt":{"rendered":"","protected":false},"author":4,"featured_media":41978,"comment_status":"closed","ping_status":"closed","sticky":false,"template":"","format":"standard","meta":{"_acf_changed":false,"_optic_post_header_transparent":true,"_optic_post_header_white_mobile":false,"_optic_post_header_transparent_black":false,"_optic_post_hide_rdv_button":false,"_optic_post_hide_footer_margintop":false,"_optic_post_is_audition":false,"_optic_post_is_concours_noel":false,"_optic_post_animate_menu_logo":false,"_optic_post_translations":[],"_optic_post_hide_bottom_mobile_fixed_btns":false,"_optic_post_title":"Technologische Exzellenz f\u00fcr einen klassischen Stil","_optic_post_description":"Seit ihrer Gr\u00fcndung im Jahr 1917 in Turin durch Giuseppe Ratti hat sich Persol zu einer unumg\u00e4nglichen Referenz in der Welt der Optik etabliert. Die Marke entstand aus dem Bestreben, eine Hochleistungsbrille f\u00fcr Piloten und Aviatoren zu kreieren. Der Name der Marke, \u00abPersol\u00bb, bedeutet \u00abf\u00fcr die Sonne\u00bb und bringt damit das Engagement zum Ausdruck, die Augen zu sch\u00fctzen. Persol wurde schnell bekannt, nicht zuletzt durch die ikonische Zusammenarbeit mit Filmlegenden wie Marcello Mastroianni und Steve McQueen, deren eleganter und zeitloser Stil auch heute noch die aktuellen Kollektionen beeinflusst.","footnotes":""},"categories":[1598],"class_list":["post-43650","post","type-post","status-publish","format-standard","has-post-thumbnail","hentry","category-urbaner-und-laessiger-stil"],"acf":[],"yoast_head":"<!-- This site is optimized with the Yoast SEO plugin v27.3 - https:\/\/yoast.com\/product\/yoast-seo-wordpress\/ -->\n<meta name=\"description\" content=\"Entdecke die Persol Brillen bei Optic 2000. W\u00e4hle italienische Handwerkskunst und ikonisches Design, perfekt f\u00fcr einen eleganten und anspruchsvollen Stil.\" \/>\n<meta name=\"robots\" content=\"index, follow, max-snippet:-1, max-image-preview:large, max-video-preview:-1\" \/>\n<link rel=\"canonical\" href=\"https:\/\/www.optic2000.ch\/de\/trends\/urbaner-und-laessiger-stil\/persol-brillen\/\" \/>\n<meta property=\"og:locale\" content=\"de_DE\" \/>\n<meta property=\"og:type\" content=\"article\" \/>\n<meta property=\"og:title\" content=\"Persol: Italienische Handwerkskunst | Optic 2000\" \/>\n<meta property=\"og:description\" content=\"Entdecke die Persol Brillen bei Optic 2000. W\u00e4hle italienische Handwerkskunst und ikonisches Design, perfekt f\u00fcr einen eleganten und anspruchsvollen Stil.\" \/>\n<meta property=\"og:url\" content=\"https:\/\/www.optic2000.ch\/de\/trends\/urbaner-und-laessiger-stil\/persol-brillen\/\" \/>\n<meta property=\"og:site_name\" content=\"Optic 2000\" \/>\n<meta property=\"article:published_time\" content=\"2024-12-16T09:28:24+00:00\" \/>\n<meta property=\"article:modified_time\" content=\"2026-02-18T10:17:43+00:00\" \/>\n<meta property=\"og:image\" content=\"https:\/\/www.optic2000.ch\/wp-content\/uploads\/2024\/12\/optic-2000-conseils-tendances-persol.jpg\" \/>\n\t<meta property=\"og:image:width\" content=\"378\" \/>\n\t<meta property=\"og:image:height\" content=\"373\" \/>\n\t<meta property=\"og:image:type\" content=\"image\/jpeg\" \/>\n<meta name=\"author\" content=\"Esther\" \/>\n<meta name=\"twitter:card\" content=\"summary_large_image\" \/>\n<meta name=\"twitter:label1\" content=\"Verfasst von\" \/>\n\t<meta name=\"twitter:data1\" content=\"Esther\" \/>\n\t<meta name=\"twitter:label2\" content=\"Gesch\u00e4tzte Lesezeit\" \/>\n\t<meta name=\"twitter:data2\" content=\"2\u00a0Minute\" \/>\n<script type=\"application\/ld+json\" class=\"yoast-schema-graph\">{\"@context\":\"https:\\\/\\\/schema.org\",\"@graph\":[{\"@type\":\"Article\",\"@id\":\"https:\\\/\\\/www.optic2000.ch\\\/de\\\/trends\\\/urbaner-und-laessiger-stil\\\/persol-brillen\\\/#article\",\"isPartOf\":{\"@id\":\"https:\\\/\\\/www.optic2000.ch\\\/de\\\/trends\\\/urbaner-und-laessiger-stil\\\/persol-brillen\\\/\"},\"author\":{\"name\":\"Esther\",\"@id\":\"https:\\\/\\\/www.optic2000.ch\\\/de\\\/#\\\/schema\\\/person\\\/77cac35162a6338579e8dff62cfc2a49\"},\"headline\":\"PERSOL\",\"datePublished\":\"2024-12-16T09:28:24+00:00\",\"dateModified\":\"2026-02-18T10:17:43+00:00\",\"mainEntityOfPage\":{\"@id\":\"https:\\\/\\\/www.optic2000.ch\\\/de\\\/trends\\\/urbaner-und-laessiger-stil\\\/persol-brillen\\\/\"},\"wordCount\":303,\"image\":{\"@id\":\"https:\\\/\\\/www.optic2000.ch\\\/de\\\/trends\\\/urbaner-und-laessiger-stil\\\/persol-brillen\\\/#primaryimage\"},\"thumbnailUrl\":\"https:\\\/\\\/www.optic2000.ch\\\/wp-content\\\/uploads\\\/2024\\\/12\\\/optic-2000-conseils-tendances-persol.jpg\",\"articleSection\":[\"Urbaner und l\u00e4ssiger Stil\"],\"inLanguage\":\"de\"},{\"@type\":\"WebPage\",\"@id\":\"https:\\\/\\\/www.optic2000.ch\\\/de\\\/trends\\\/urbaner-und-laessiger-stil\\\/persol-brillen\\\/\",\"url\":\"https:\\\/\\\/www.optic2000.ch\\\/de\\\/trends\\\/urbaner-und-laessiger-stil\\\/persol-brillen\\\/\",\"name\":\"Persol: Italienische Handwerkskunst | Optic 2000\",\"isPartOf\":{\"@id\":\"https:\\\/\\\/www.optic2000.ch\\\/de\\\/#website\"},\"primaryImageOfPage\":{\"@id\":\"https:\\\/\\\/www.optic2000.ch\\\/de\\\/trends\\\/urbaner-und-laessiger-stil\\\/persol-brillen\\\/#primaryimage\"},\"image\":{\"@id\":\"https:\\\/\\\/www.optic2000.ch\\\/de\\\/trends\\\/urbaner-und-laessiger-stil\\\/persol-brillen\\\/#primaryimage\"},\"thumbnailUrl\":\"https:\\\/\\\/www.optic2000.ch\\\/wp-content\\\/uploads\\\/2024\\\/12\\\/optic-2000-conseils-tendances-persol.jpg\",\"datePublished\":\"2024-12-16T09:28:24+00:00\",\"dateModified\":\"2026-02-18T10:17:43+00:00\",\"author\":{\"@id\":\"https:\\\/\\\/www.optic2000.ch\\\/de\\\/#\\\/schema\\\/person\\\/77cac35162a6338579e8dff62cfc2a49\"},\"description\":\"Entdecke die Persol Brillen bei Optic 2000. W\u00e4hle italienische Handwerkskunst und ikonisches Design, perfekt f\u00fcr einen eleganten und anspruchsvollen Stil.\",\"breadcrumb\":{\"@id\":\"https:\\\/\\\/www.optic2000.ch\\\/de\\\/trends\\\/urbaner-und-laessiger-stil\\\/persol-brillen\\\/#breadcrumb\"},\"inLanguage\":\"de\",\"potentialAction\":[{\"@type\":\"ReadAction\",\"target\":[\"https:\\\/\\\/www.optic2000.ch\\\/de\\\/trends\\\/urbaner-und-laessiger-stil\\\/persol-brillen\\\/\"]}]},{\"@type\":\"ImageObject\",\"inLanguage\":\"de\",\"@id\":\"https:\\\/\\\/www.optic2000.ch\\\/de\\\/trends\\\/urbaner-und-laessiger-stil\\\/persol-brillen\\\/#primaryimage\",\"url\":\"https:\\\/\\\/www.optic2000.ch\\\/wp-content\\\/uploads\\\/2024\\\/12\\\/optic-2000-conseils-tendances-persol.jpg\",\"contentUrl\":\"https:\\\/\\\/www.optic2000.ch\\\/wp-content\\\/uploads\\\/2024\\\/12\\\/optic-2000-conseils-tendances-persol.jpg\",\"width\":378,\"height\":373},{\"@type\":\"BreadcrumbList\",\"@id\":\"https:\\\/\\\/www.optic2000.ch\\\/de\\\/trends\\\/urbaner-und-laessiger-stil\\\/persol-brillen\\\/#breadcrumb\",\"itemListElement\":[{\"@type\":\"ListItem\",\"position\":1,\"name\":\"Accueil\",\"item\":\"https:\\\/\\\/www.optic2000.ch\\\/de\\\/\"},{\"@type\":\"ListItem\",\"position\":2,\"name\":\"PERSOL\"}]},{\"@type\":\"WebSite\",\"@id\":\"https:\\\/\\\/www.optic2000.ch\\\/de\\\/#website\",\"url\":\"https:\\\/\\\/www.optic2000.ch\\\/de\\\/\",\"name\":\"Optic 2000\",\"description\":\"\",\"potentialAction\":[{\"@type\":\"SearchAction\",\"target\":{\"@type\":\"EntryPoint\",\"urlTemplate\":\"https:\\\/\\\/www.optic2000.ch\\\/de\\\/?s={search_term_string}\"},\"query-input\":{\"@type\":\"PropertyValueSpecification\",\"valueRequired\":true,\"valueName\":\"search_term_string\"}}],\"inLanguage\":\"de\"},{\"@type\":\"Person\",\"@id\":\"https:\\\/\\\/www.optic2000.ch\\\/de\\\/#\\\/schema\\\/person\\\/77cac35162a6338579e8dff62cfc2a49\",\"name\":\"Esther\",\"image\":{\"@type\":\"ImageObject\",\"inLanguage\":\"de\",\"@id\":\"https:\\\/\\\/secure.gravatar.com\\\/avatar\\\/a4c5a5cf44c307d069d15d5b0eec069f481080eb5c8bc731a08796a82da8b4d5?s=96&d=mm&r=g\",\"url\":\"https:\\\/\\\/secure.gravatar.com\\\/avatar\\\/a4c5a5cf44c307d069d15d5b0eec069f481080eb5c8bc731a08796a82da8b4d5?s=96&d=mm&r=g\",\"contentUrl\":\"https:\\\/\\\/secure.gravatar.com\\\/avatar\\\/a4c5a5cf44c307d069d15d5b0eec069f481080eb5c8bc731a08796a82da8b4d5?s=96&d=mm&r=g\",\"caption\":\"Esther\"}}]}<\/script>\n<!-- \/ Yoast SEO plugin. -->","yoast_head_json":{"description":"Entdecke die Persol Brillen bei Optic 2000. W\u00e4hle italienische Handwerkskunst und ikonisches Design, perfekt f\u00fcr einen eleganten und anspruchsvollen Stil.","robots":{"index":"index","follow":"follow","max-snippet":"max-snippet:-1","max-image-preview":"max-image-preview:large","max-video-preview":"max-video-preview:-1"},"canonical":"https:\/\/www.optic2000.ch\/de\/trends\/urbaner-und-laessiger-stil\/persol-brillen\/","og_locale":"de_DE","og_type":"article","og_title":"Persol: Italienische Handwerkskunst | Optic 2000","og_description":"Entdecke die Persol Brillen bei Optic 2000. W\u00e4hle italienische Handwerkskunst und ikonisches Design, perfekt f\u00fcr einen eleganten und anspruchsvollen Stil.","og_url":"https:\/\/www.optic2000.ch\/de\/trends\/urbaner-und-laessiger-stil\/persol-brillen\/","og_site_name":"Optic 2000","article_published_time":"2024-12-16T09:28:24+00:00","article_modified_time":"2026-02-18T10:17:43+00:00","og_image":[{"width":378,"height":373,"url":"https:\/\/www.optic2000.ch\/wp-content\/uploads\/2024\/12\/optic-2000-conseils-tendances-persol.jpg","type":"image\/jpeg"}],"author":"Esther","twitter_card":"summary_large_image","twitter_misc":{"Verfasst von":"Esther","Gesch\u00e4tzte Lesezeit":"2\u00a0Minute"},"schema":{"@context":"https:\/\/schema.org","@graph":[{"@type":"Article","@id":"https:\/\/www.optic2000.ch\/de\/trends\/urbaner-und-laessiger-stil\/persol-brillen\/#article","isPartOf":{"@id":"https:\/\/www.optic2000.ch\/de\/trends\/urbaner-und-laessiger-stil\/persol-brillen\/"},"author":{"name":"Esther","@id":"https:\/\/www.optic2000.ch\/de\/#\/schema\/person\/77cac35162a6338579e8dff62cfc2a49"},"headline":"PERSOL","datePublished":"2024-12-16T09:28:24+00:00","dateModified":"2026-02-18T10:17:43+00:00","mainEntityOfPage":{"@id":"https:\/\/www.optic2000.ch\/de\/trends\/urbaner-und-laessiger-stil\/persol-brillen\/"},"wordCount":303,"image":{"@id":"https:\/\/www.optic2000.ch\/de\/trends\/urbaner-und-laessiger-stil\/persol-brillen\/#primaryimage"},"thumbnailUrl":"https:\/\/www.optic2000.ch\/wp-content\/uploads\/2024\/12\/optic-2000-conseils-tendances-persol.jpg","articleSection":["Urbaner und l\u00e4ssiger Stil"],"inLanguage":"de"},{"@type":"WebPage","@id":"https:\/\/www.optic2000.ch\/de\/trends\/urbaner-und-laessiger-stil\/persol-brillen\/","url":"https:\/\/www.optic2000.ch\/de\/trends\/urbaner-und-laessiger-stil\/persol-brillen\/","name":"Persol: Italienische Handwerkskunst | Optic 2000","isPartOf":{"@id":"https:\/\/www.optic2000.ch\/de\/#website"},"primaryImageOfPage":{"@id":"https:\/\/www.optic2000.ch\/de\/trends\/urbaner-und-laessiger-stil\/persol-brillen\/#primaryimage"},"image":{"@id":"https:\/\/www.optic2000.ch\/de\/trends\/urbaner-und-laessiger-stil\/persol-brillen\/#primaryimage"},"thumbnailUrl":"https:\/\/www.optic2000.ch\/wp-content\/uploads\/2024\/12\/optic-2000-conseils-tendances-persol.jpg","datePublished":"2024-12-16T09:28:24+00:00","dateModified":"2026-02-18T10:17:43+00:00","author":{"@id":"https:\/\/www.optic2000.ch\/de\/#\/schema\/person\/77cac35162a6338579e8dff62cfc2a49"},"description":"Entdecke die Persol Brillen bei Optic 2000. W\u00e4hle italienische Handwerkskunst und ikonisches Design, perfekt f\u00fcr einen eleganten und anspruchsvollen Stil.","breadcrumb":{"@id":"https:\/\/www.optic2000.ch\/de\/trends\/urbaner-und-laessiger-stil\/persol-brillen\/#breadcrumb"},"inLanguage":"de","potentialAction":[{"@type":"ReadAction","target":["https:\/\/www.optic2000.ch\/de\/trends\/urbaner-und-laessiger-stil\/persol-brillen\/"]}]},{"@type":"ImageObject","inLanguage":"de","@id":"https:\/\/www.optic2000.ch\/de\/trends\/urbaner-und-laessiger-stil\/persol-brillen\/#primaryimage","url":"https:\/\/www.optic2000.ch\/wp-content\/uploads\/2024\/12\/optic-2000-conseils-tendances-persol.jpg","contentUrl":"https:\/\/www.optic2000.ch\/wp-content\/uploads\/2024\/12\/optic-2000-conseils-tendances-persol.jpg","width":378,"height":373},{"@type":"BreadcrumbList","@id":"https:\/\/www.optic2000.ch\/de\/trends\/urbaner-und-laessiger-stil\/persol-brillen\/#breadcrumb","itemListElement":[{"@type":"ListItem","position":1,"name":"Accueil","item":"https:\/\/www.optic2000.ch\/de\/"},{"@type":"ListItem","position":2,"name":"PERSOL"}]},{"@type":"WebSite","@id":"https:\/\/www.optic2000.ch\/de\/#website","url":"https:\/\/www.optic2000.ch\/de\/","name":"Optic 2000","description":"","potentialAction":[{"@type":"SearchAction","target":{"@type":"EntryPoint","urlTemplate":"https:\/\/www.optic2000.ch\/de\/?s={search_term_string}"},"query-input":{"@type":"PropertyValueSpecification","valueRequired":true,"valueName":"search_term_string"}}],"inLanguage":"de"},{"@type":"Person","@id":"https:\/\/www.optic2000.ch\/de\/#\/schema\/person\/77cac35162a6338579e8dff62cfc2a49","name":"Esther","image":{"@type":"ImageObject","inLanguage":"de","@id":"https:\/\/secure.gravatar.com\/avatar\/a4c5a5cf44c307d069d15d5b0eec069f481080eb5c8bc731a08796a82da8b4d5?s=96&d=mm&r=g","url":"https:\/\/secure.gravatar.com\/avatar\/a4c5a5cf44c307d069d15d5b0eec069f481080eb5c8bc731a08796a82da8b4d5?s=96&d=mm&r=g","contentUrl":"https:\/\/secure.gravatar.com\/avatar\/a4c5a5cf44c307d069d15d5b0eec069f481080eb5c8bc731a08796a82da8b4d5?s=96&d=mm&r=g","caption":"Esther"}}]}},"_links":{"self":[{"href":"https:\/\/www.optic2000.ch\/de\/wp-json\/wp\/v2\/posts\/43650","targetHints":{"allow":["GET"]}}],"collection":[{"href":"https:\/\/www.optic2000.ch\/de\/wp-json\/wp\/v2\/posts"}],"about":[{"href":"https:\/\/www.optic2000.ch\/de\/wp-json\/wp\/v2\/types\/post"}],"author":[{"embeddable":true,"href":"https:\/\/www.optic2000.ch\/de\/wp-json\/wp\/v2\/users\/4"}],"replies":[{"embeddable":true,"href":"https:\/\/www.optic2000.ch\/de\/wp-json\/wp\/v2\/comments?post=43650"}],"version-history":[{"count":4,"href":"https:\/\/www.optic2000.ch\/de\/wp-json\/wp\/v2\/posts\/43650\/revisions"}],"predecessor-version":[{"id":59601,"href":"https:\/\/www.optic2000.ch\/de\/wp-json\/wp\/v2\/posts\/43650\/revisions\/59601"}],"wp:featuredmedia":[{"embeddable":true,"href":"https:\/\/www.optic2000.ch\/de\/wp-json\/wp\/v2\/media\/41978"}],"wp:attachment":[{"href":"https:\/\/www.optic2000.ch\/de\/wp-json\/wp\/v2\/media?parent=43650"}],"wp:term":[{"taxonomy":"category","embeddable":true,"href":"https:\/\/www.optic2000.ch\/de\/wp-json\/wp\/v2\/categories?post=43650"}],"curies":[{"name":"wp","href":"https:\/\/api.w.org\/{rel}","templated":true}]}}