{"id":43741,"date":"2024-12-13T10:58:03","date_gmt":"2024-12-13T09:58:03","guid":{"rendered":"https:\/\/www.optic2000.ch\/?p=43741"},"modified":"2026-02-19T17:17:25","modified_gmt":"2026-02-19T16:17:25","slug":"bash-brillen","status":"publish","type":"post","link":"https:\/\/www.optic2000.ch\/de\/trends\/designer-und-luxuskollektionen\/bash-brillen\/","title":{"rendered":"Ba&amp;sh"},"content":{"rendered":"            <div class=\"hf_animated fade_bottom none default wp-block-habefast-advanced-layout-group is-layout-constrained wp-block-habefast-advanced-layout-group-is-layout-constrained\">\r\n                <div class=\"wp-block-habefast-advanced-group-container is-style- is-layout-constrained\"  style='--_hfal-cg-d-lg:flex;--_hfal-cg-p-b-lg:var(--wp--preset--spacing--80);--_hfal-cg-p-t-lg:0;--_hfal-cg-d-md:flex;--_hfal-cg-d-sm:flex;--_hfal-cg-p-b-md:var(--wp--preset--spacing--80);--_hfal-cg-p-b-sm:var(--wp--preset--spacing--80);'>\r\n                                        <div class=\"wp-block-habefast-advanced-group-inner is-layout-flow\">\r\n                        \n\n<h2 class=\"wp-block-heading\">Eine Marke, die von zwei Freundinnen konzipiert wurde<\/h2>\n\n\n\n<p class=\"\">Das Konzept von ba&amp;sh ist einfach: bequeme, moderne und erschwingliche Kleidung und Accessoires f\u00fcr Frauen. Inspiriert von ihren eigenen Vorlieben, wollten Barbara und Sharon eine Garderobe kreieren, die einer innigen Freundschaft gleicht, in der die eine eher rockig und urban ist, w\u00e4hrend die andere romantische Mode und Boh\u00e8me-Looks bevorzugt. Diese Komplementarit\u00e4t f\u00fchrt zu Kollektionen, die den Geist der Marke perfekt widerspiegeln, ein Gleichgewicht zwischen Schlichtheit, Eleganz und Wohlbefinden.<\/p>\n\n\n\n<p class=\"\">Von Anfang an eroberte ba&amp;sh schnell die Herzen vieler Frauen in ganz Europa und die Marke er\u00f6ffnete in nur wenigen Jahren mehr als 150 Gesch\u00e4fte. Doch die Expansion geht immer weiter, die Marke zielt nun zunehmend auf Asien und Amerika ab, z.B. mit einem ersten Gesch\u00e4ft in Los Angeles.<\/p>\n\n                    <\/div>\r\n                <\/div>\r\n            <\/div>\r\n            \n\n\n<div class=\"wp-block-optic-hero-products-v2 alignfull\" style=\"--mobilePosX:0%;--mobilePosY:0%\"><div class=\"wp-block-optic-hero-products-container is-animated-scale-parent\"><div class=\"wp-block-optic-image-selector  \"><img src=\"https:\/\/www.optic2000.ch\/wp-content\/uploads\/2024\/12\/optic-2000-conseils-tendances-bash-2-1.jpg\" alt=\"Optic 2000 Conseils Tendances Bash 2\" srcset=\"https:\/\/www.optic2000.ch\/wp-content\/uploads\/2024\/12\/optic-2000-conseils-tendances-bash-2-1-150x150.jpg 150w, https:\/\/www.optic2000.ch\/wp-content\/uploads\/2024\/12\/optic-2000-conseils-tendances-bash-2-1-300x115.jpg 300w, https:\/\/www.optic2000.ch\/wp-content\/uploads\/2024\/12\/optic-2000-conseils-tendances-bash-2-1-1024x392.jpg 640w, https:\/\/www.optic2000.ch\/wp-content\/uploads\/2024\/12\/optic-2000-conseils-tendances-bash-2-1.jpg 1268w\" sizes=\"(max-width: 150px) 150px, (max-width: 300px) 300px, (max-width: 640px) 640px, (max-width: 1268px) 1268px, 1268px\" loading=\"lazy\" class=\"wp-block-optic-image-selector-img is-animated-scale \" decoding=\"async\"\/><\/div><div class=\"wp-block-optic-hero-products-wrapper\"><div class=\"wp-block-optic-hero-products-content\"><div class=\"is-layout-constrained wp-block-optic-hero-products-v2-is-layout-constrained\">\n<h2 class=\"wp-block-heading alignwide has-text-align-left has-theme-white-color has-text-color has-link-color has-large-font-size wp-elements-64736a6c3d9d09e9516407c75b5ba060\" style=\"padding-bottom:0;letter-spacing:0px\">UNSERE FASSUNGEN BA&amp;SH<\/h2>\n<\/div><\/div><div class=\"is-layout-constrained\">        <div class=\"wp-block-optic-hero-products-v2-products o-catalog is-new-catalog alignwide\">\n            <div class=\"wp-block-optic-hero-products-v2-products-row\">\n                                        <div class=\"wp-block-optic-hero-products-v2-products-item\">\n                            <div class=\"o-catalog-content-item-container has-second-img\">\n                                <div class=\"o-catalog-content-item-container-rel\">\n                                                                            <a href=\"https:\/\/www.optic2000.ch\/de\/katalog-produkt\/paul-joe-judy02-ecaille\/\">\n                                                                                    <div class=\"o-catalog-content-item-preview\">\n                                                                                            <div\n                                                    class=\"o-catalog-content-item-preview-images has-second-img\">\n                                                    <div class=\"o-catalog-content-item-preview-images-first\">\n                                                                        <img src=\"https:\/\/www.optic2000.ch\/wp-content\/uploads\/akeneo_products_images\/sizes\/551c772e2c1020b1662631a6068c2399a54e9e67_03662097570339_JUDY02_E769_HD-1000.jpg\" alt=\"Paul &amp; Joe JUDY02 Ecaille\" srcset=\"https:\/\/www.optic2000.ch\/wp-content\/uploads\/akeneo_products_images\/sizes\/551c772e2c1020b1662631a6068c2399a54e9e67_03662097570339_JUDY02_E769_HD-1000.jpg 1000w\" sizes=\"(max-width: 800px) 800px\"\n                    decoding=\"async\" loading=\"lazy\">\n                                                                    <\/div>\n                                                                                                            <div class=\"o-catalog-content-item-preview-images-second\">\n                                                                            <img src=\"https:\/\/www.optic2000.ch\/wp-content\/uploads\/akeneo_products_images\/sizes\/f48ff5bbef1a6d6c5b5a7d3992bb98c3341fd031_03662097570339_JUDY02_E769_FACE_HD-1000.jpg\" alt=\"Paul &amp; Joe JUDY02 Ecaille\" srcset=\"https:\/\/www.optic2000.ch\/wp-content\/uploads\/akeneo_products_images\/sizes\/f48ff5bbef1a6d6c5b5a7d3992bb98c3341fd031_03662097570339_JUDY02_E769_FACE_HD-1000.jpg 1000w\" sizes=\"(max-width: 800px) 800px\"\n                    decoding=\"async\" loading=\"lazy\">\n                                                                        <\/div>\n                                                                                                        <\/div>\n                                                        <div class=\"o-catalog-content-item-preview-actions-btn is-mobile\">\n                        <div class=\"o-catalog-content-item-preview-actions-btn-item\">\n                Damen            <\/div>\n                    <\/div>\n                                                <\/div>\n                                        <div class=\"o-catalog-content-item-content\">\n                                                                                        <div class=\"o-catalog-content-item-left\">\n                                                <div class=\"o-catalog-content-item-brand\">\n                                                    Paul &amp; Joe                                                <\/div>\n                                                <div class=\"o-catalog-content-item-model\">\n                                                    JUDY02                                                <\/div>\n                                            <\/div>\n                                        <\/div>\n                                                                                <\/a>\n                                                                            <div class=\"o-catalog-content-item-preview-actions\">\n                                        <div class=\"o-catalog-content-item-preview-actions-icons\"><\/div>\n                                                <div class=\"o-catalog-content-item-preview-actions-btn \">\n                        <div class=\"o-catalog-content-item-preview-actions-btn-item\">\n                Damen            <\/div>\n                    <\/div>\n                                            <\/div>\n                                <\/div>\n                            <\/div>\n                        <\/div>\n                                                <div class=\"wp-block-optic-hero-products-v2-products-item\">\n                            <div class=\"o-catalog-content-item-container has-second-img\">\n                                <div class=\"o-catalog-content-item-container-rel\">\n                                                                            <a href=\"https:\/\/www.optic2000.ch\/de\/katalog-produkt\/charlie-chill-ccs2610-argent\/\">\n                                                                                    <div class=\"o-catalog-content-item-preview\">\n                                                                                            <div\n                                                    class=\"o-catalog-content-item-preview-images has-second-img\">\n                                                    <div class=\"o-catalog-content-item-preview-images-first\">\n                                                                        <img src=\"https:\/\/www.optic2000.ch\/wp-content\/uploads\/akeneo_products_images\/sizes\/1dcb9b4107546c58c11d02716e0425cc462dca7f_03663234210934_CCS2610_Argent_THREEQUARTER-1000.png\" alt=\"Charlie Chill CCS2610 Argent\" srcset=\"https:\/\/www.optic2000.ch\/wp-content\/uploads\/akeneo_products_images\/sizes\/1dcb9b4107546c58c11d02716e0425cc462dca7f_03663234210934_CCS2610_Argent_THREEQUARTER-1000.png 1000w\" sizes=\"(max-width: 800px) 800px\"\n                    decoding=\"async\" loading=\"lazy\">\n                                                                    <\/div>\n                                                                                                            <div class=\"o-catalog-content-item-preview-images-second\">\n                                                                            <img src=\"https:\/\/www.optic2000.ch\/wp-content\/uploads\/akeneo_products_images\/sizes\/ba4bd6017409ca48b3e90e5ec5cd722be3d6b027_03663234210934_CCS2610_Argent_FACE-1000.png\" alt=\"Charlie Chill CCS2610 Argent\" srcset=\"https:\/\/www.optic2000.ch\/wp-content\/uploads\/akeneo_products_images\/sizes\/ba4bd6017409ca48b3e90e5ec5cd722be3d6b027_03663234210934_CCS2610_Argent_FACE-1000.png 1000w\" sizes=\"(max-width: 800px) 800px\"\n                    decoding=\"async\" loading=\"lazy\">\n                                                                        <\/div>\n                                                                                                        <\/div>\n                                                        <div class=\"o-catalog-content-item-preview-actions-btn is-mobile\">\n                        <div class=\"o-catalog-content-item-preview-actions-btn-item\">\n                Gemischt            <\/div>\n                    <\/div>\n                                                <\/div>\n                                        <div class=\"o-catalog-content-item-content\">\n                                                                                        <div class=\"o-catalog-content-item-left\">\n                                                <div class=\"o-catalog-content-item-brand\">\n                                                    Charlie Chill                                                <\/div>\n                                                <div class=\"o-catalog-content-item-model\">\n                                                    CCS2610                                                <\/div>\n                                            <\/div>\n                                        <\/div>\n                                                                                <\/a>\n                                                                            <div class=\"o-catalog-content-item-preview-actions\">\n                                        <div class=\"o-catalog-content-item-preview-actions-icons\"><\/div>\n                                                <div class=\"o-catalog-content-item-preview-actions-btn \">\n                        <div class=\"o-catalog-content-item-preview-actions-btn-item\">\n                Gemischt            <\/div>\n                    <\/div>\n                                            <\/div>\n                                <\/div>\n                            <\/div>\n                        <\/div>\n                                                <div class=\"wp-block-optic-hero-products-v2-products-item\">\n                            <div class=\"o-catalog-content-item-container has-second-img\">\n                                <div class=\"o-catalog-content-item-container-rel\">\n                                                                            <a href=\"https:\/\/www.optic2000.ch\/de\/katalog-produkt\/hugo-hg-1380-noir\/\">\n                                                                                    <div class=\"o-catalog-content-item-preview\">\n                                                                                            <div\n                                                    class=\"o-catalog-content-item-preview-images has-second-img\">\n                                                    <div class=\"o-catalog-content-item-preview-images-first\">\n                                                                        <img src=\"https:\/\/www.optic2000.ch\/wp-content\/uploads\/akeneo_products_images\/sizes\/980df1819004d1bfa73630cfc1b99184f77a6aaf_HG_1380_807_P00_1000x560-1000.jpg\" alt=\"Hugo HG 1380 Noir\" srcset=\"https:\/\/www.optic2000.ch\/wp-content\/uploads\/akeneo_products_images\/sizes\/980df1819004d1bfa73630cfc1b99184f77a6aaf_HG_1380_807_P00_1000x560-1000.jpg 1000w\" sizes=\"(max-width: 800px) 800px\"\n                    decoding=\"async\" loading=\"lazy\">\n                                                                    <\/div>\n                                                                                                            <div class=\"o-catalog-content-item-preview-images-second\">\n                                                                            <img src=\"https:\/\/www.optic2000.ch\/wp-content\/uploads\/akeneo_products_images\/sizes\/4140aa95719d793ce57b9774fd1b94a399243a43_HG_1380_807_P02_1000x560-1000.jpg\" alt=\"Hugo HG 1380 Noir\" srcset=\"https:\/\/www.optic2000.ch\/wp-content\/uploads\/akeneo_products_images\/sizes\/4140aa95719d793ce57b9774fd1b94a399243a43_HG_1380_807_P02_1000x560-1000.jpg 1000w\" sizes=\"(max-width: 800px) 800px\"\n                    decoding=\"async\" loading=\"lazy\">\n                                                                        <\/div>\n                                                                                                        <\/div>\n                                                        <div class=\"o-catalog-content-item-preview-actions-btn is-mobile\">\n                        <div class=\"o-catalog-content-item-preview-actions-btn-item\">\n                Damen            <\/div>\n                    <\/div>\n                                                <\/div>\n                                        <div class=\"o-catalog-content-item-content\">\n                                                                                        <div class=\"o-catalog-content-item-left\">\n                                                <div class=\"o-catalog-content-item-brand\">\n                                                    Hugo                                                <\/div>\n                                                <div class=\"o-catalog-content-item-model\">\n                                                    HG 1380                                                <\/div>\n                                            <\/div>\n                                        <\/div>\n                                                                                <\/a>\n                                                                            <div class=\"o-catalog-content-item-preview-actions\">\n                                        <div class=\"o-catalog-content-item-preview-actions-icons\"><\/div>\n                                                <div class=\"o-catalog-content-item-preview-actions-btn \">\n                        <div class=\"o-catalog-content-item-preview-actions-btn-item\">\n                Damen            <\/div>\n                    <\/div>\n                                            <\/div>\n                                <\/div>\n                            <\/div>\n                        <\/div>\n                                                <div class=\"wp-block-optic-hero-products-v2-products-item\">\n                            <div class=\"o-catalog-content-item-container has-second-img\">\n                                <div class=\"o-catalog-content-item-container-rel\">\n                                                                            <a href=\"https:\/\/www.optic2000.ch\/de\/katalog-produkt\/chloe-ch0307o-rose\/\">\n                                                                                    <div class=\"o-catalog-content-item-preview\">\n                                                                                            <div\n                                                    class=\"o-catalog-content-item-preview-images has-second-img\">\n                                                    <div class=\"o-catalog-content-item-preview-images-first\">\n                                                                        <img src=\"https:\/\/www.optic2000.ch\/wp-content\/uploads\/akeneo_products_images\/sizes\/383b99ef13736432c6a283925c6ddc1ad94b24c8_Nouveau_projet__33_-1000.png\" alt=\"Chlo\u00e9 CH0307O Rose\" srcset=\"https:\/\/www.optic2000.ch\/wp-content\/uploads\/akeneo_products_images\/sizes\/383b99ef13736432c6a283925c6ddc1ad94b24c8_Nouveau_projet__33_-1000.png 1000w\" sizes=\"(max-width: 800px) 800px\"\n                    decoding=\"async\" loading=\"lazy\">\n                                                                    <\/div>\n                                                                                                            <div class=\"o-catalog-content-item-preview-images-second\">\n                                                                            <img src=\"https:\/\/www.optic2000.ch\/wp-content\/uploads\/akeneo_products_images\/sizes\/3da54f5c6f44cd3a763ab851444f54c5b3810904_Nouveau_projet__33_-1000.png\" alt=\"Chlo\u00e9 CH0307O Rose\" srcset=\"https:\/\/www.optic2000.ch\/wp-content\/uploads\/akeneo_products_images\/sizes\/3da54f5c6f44cd3a763ab851444f54c5b3810904_Nouveau_projet__33_-1000.png 1000w\" sizes=\"(max-width: 800px) 800px\"\n                    decoding=\"async\" loading=\"lazy\">\n                                                                        <\/div>\n                                                                                                        <\/div>\n                                                        <div class=\"o-catalog-content-item-preview-actions-btn is-mobile\">\n                        <div class=\"o-catalog-content-item-preview-actions-btn-item\">\n                Damen            <\/div>\n                    <\/div>\n                                                <\/div>\n                                        <div class=\"o-catalog-content-item-content\">\n                                                                                        <div class=\"o-catalog-content-item-left\">\n                                                <div class=\"o-catalog-content-item-brand\">\n                                                    Chlo\u00e9                                                <\/div>\n                                                <div class=\"o-catalog-content-item-model\">\n                                                    CH0307O                                                <\/div>\n                                            <\/div>\n                                        <\/div>\n                                                                                <\/a>\n                                                                            <div class=\"o-catalog-content-item-preview-actions\">\n                                        <div class=\"o-catalog-content-item-preview-actions-icons\"><\/div>\n                                                <div class=\"o-catalog-content-item-preview-actions-btn \">\n                        <div class=\"o-catalog-content-item-preview-actions-btn-item\">\n                Damen            <\/div>\n                    <\/div>\n                                            <\/div>\n                                <\/div>\n                            <\/div>\n                        <\/div>\n                                    <\/div>\n        <\/div>\n        <\/div><\/div><\/div><\/div>\n\n\n\n<div class=\"wp-block-buttons is-content-justification-center is-layout-flex wp-container-core-buttons-is-layout-c5070627 wp-block-buttons-is-layout-flex\" style=\"padding-top:0\">\n<div class=\"wp-block-button\"><a class=\"wp-block-button__link wp-element-button\" href=\"https:\/\/www.optic2000.ch\/de\/katalog\/?brand=SEA_25\">ALLES ANZEIGEN<\/a><\/div>\n<\/div>\n\n\n            <div class=\"hf_animated fade_bottom none default wp-block-habefast-advanced-layout-group is-layout-constrained wp-block-habefast-advanced-layout-group-is-layout-constrained\">\r\n                <div class=\"wp-block-habefast-advanced-group-container is-style- is-layout-constrained\"  style='--_hfal-cg-d-lg:flex;--_hfal-cg-p-b-lg:var(--wp--preset--spacing--80);--_hfal-cg-p-t-lg:var(--wp--preset--spacing--80);--_hfal-cg-d-md:flex;--_hfal-cg-d-sm:flex;--_hfal-cg-p-b-md:var(--wp--preset--spacing--80);--_hfal-cg-p-b-sm:var(--wp--preset--spacing--80);--_hfal-cg-p-t-md:var(--wp--preset--spacing--80);--_hfal-cg-p-t-sm:var(--wp--preset--spacing--80);'>\r\n                                        <div class=\"wp-block-habefast-advanced-group-inner is-layout-flow\">\r\n                        \n\n<h2 class=\"wp-block-heading\">Warum sollten Sie sich f\u00fcr eine ba&amp;sh-Brille entscheiden?<\/h2>\n\n\n\n<p class=\"\">2019 beschloss ba&amp;sh, mit einer ersten Kollektion von Brillen und Sonnenbrillen in die Welt der Brillen einzusteigen. Inspiriert von den Codes der Marke, vereint diese Kollektion Komfort, Eleganz und einen Hauch von Boh\u00e8me durch abgerundete Formen und feine Materialien wie Metall.<\/p>\n\n\n\n<p class=\"\">Die ba&amp;sh Brillen zeichnen sich aus durch:<\/p>\n\n\n\n<ul class=\"wp-block-list is-style-square \">\n<li class=\"\"><strong>Blumenmuster und warme Farben <\/strong>als Anspielung an die Pr\u00eat-\u00e0-porter-Kollektionen. Sie passen perfekt zu einer Frau, die mit Accessoires ihre Pers\u00f6nlichkeit zum Ausdruck bringen m\u00f6chte.<\/li>\n\n\n\n<li class=\"\"><strong>Ein leichtes und elegantes Design<\/strong>, abgerundete Formen und ethnische Akzente, die an den \u201efeel good\u201c-Geist der Marke erinnern.<\/li>\n\n\n\n<li class=\"\"><strong>Eine breite Auswahl an Modellen<\/strong>, denn ba&amp;sh bietet nicht nur Seh- und Sonnenbrillen, sondern auch Bildschirm- und Lesebrillen, ideal, um Stil mit Schutz zu kombinieren.<\/li>\n<\/ul>\n\n                    <\/div>\r\n                <\/div>\r\n            <\/div>\r\n            \n\n\n<h2 class=\"wp-block-heading\">Trendige Brillen f\u00fcr einen individuellen Stil<\/h2>\n\n\n            <div class=\"hf_animated fade_bottom none default wp-block-habefast-advanced-layout-group is-layout-constrained wp-block-habefast-advanced-layout-group-is-layout-constrained\">\r\n                <div class=\"wp-block-habefast-advanced-group-container is-style- is-layout-constrained\"  style='--_hfal-cg-d-lg:flex;--_hfal-cg-p-b-lg:var(--wp--preset--spacing--80);--_hfal-cg-p-t-lg:0;--_hfal-cg-d-md:flex;--_hfal-cg-d-sm:flex;--_hfal-cg-p-b-md:var(--wp--preset--spacing--80);--_hfal-cg-p-b-sm:var(--wp--preset--spacing--80);'>\r\n                                        <div class=\"wp-block-habefast-advanced-group-inner is-layout-flow\">\r\n                        \n\n<p class=\"\">Der Erfolg der ba&amp;sh Brillen liess nicht lange auf sich warten. Die erste Brillenkollektion, die auf der Weltmesse f\u00fcr Augenoptik 2019 vorgestellt wurde, hinterliess mit ihren schlanken Fassungen und modernen Farben einen bleibenden Eindruck. Zwei Modelle zogen die Aufmerksamkeit besonders auf sich:<\/p>\n\n\n\n<ul class=\"wp-block-list is-style-square \">\n<li class=\"\"><strong>Lilo<\/strong><br>Ein Sonnenbrillenmodell mit sechseckiger Fassung und blauen Gl\u00e4sern. Die d\u00fcnnen goldenen B\u00fcgel und die gewagte Form machen sie zu einem trendigen und schicken Retro-Accessoire.<\/li>\n\n\n\n<li class=\"\"><strong>Leonor<\/strong><br>Diese abgerundete, transparente Sonnenbrille mit blau abgestuften Gl\u00e4sern sorgt f\u00fcr einen unbeschwerten und eleganten Look, perfekt f\u00fcr alle, die einen modernen und gleichzeitig weichen Stil suchen.<\/li>\n<\/ul>\n\n                    <\/div>\r\n                <\/div>\r\n            <\/div>\r\n            ","protected":false},"excerpt":{"rendered":"<p>Trendige Brillen f\u00fcr einen individuellen Stil<\/p>\n","protected":false},"author":4,"featured_media":42156,"comment_status":"closed","ping_status":"closed","sticky":false,"template":"","format":"standard","meta":{"_acf_changed":false,"_optic_post_header_transparent":true,"_optic_post_header_white_mobile":false,"_optic_post_header_transparent_black":false,"_optic_post_hide_rdv_button":false,"_optic_post_hide_footer_margintop":false,"_optic_post_is_audition":false,"_optic_post_is_concours_noel":false,"_optic_post_animate_menu_logo":false,"_optic_post_translations":[],"_optic_post_hide_bottom_mobile_fixed_btns":false,"_optic_post_title":"Erschwingliche Eleganz f\u00fcr alle Frauen","_optic_post_description":"Ba&sh ist ein echter Coup de coeur f\u00fcr alle, die auf der Suche nach femininen, trendigen und erschwinglichen Kleidungsst\u00fccken und Accessoires sind. Die Marke ba&sh wurde 2003 von den beiden Freundinnen Barbara Boccara und Sharon Krief gegr\u00fcndet und hat es sich zur Aufgabe gemacht, Mode anzubieten, die sowohl Schlichtheit als auch Pariser Chic verk\u00f6rpert.","footnotes":""},"categories":[1594],"class_list":["post-43741","post","type-post","status-publish","format-standard","has-post-thumbnail","hentry","category-designer-und-luxuskollektionen"],"acf":[],"yoast_head":"<!-- This site is optimized with the Yoast SEO plugin v27.3 - https:\/\/yoast.com\/product\/yoast-seo-wordpress\/ -->\n<meta name=\"description\" content=\"Kombiniere Eleganz und Modernit\u00e4t mit Ba&amp;sh-Brillen bei Optic 2000. Entdecke eine grosse Auswahl an Fassungen, die Mode und Komfort vereinen und deinen Stil t\u00e4glich bereichern.\" \/>\n<meta name=\"robots\" content=\"index, follow, max-snippet:-1, max-image-preview:large, max-video-preview:-1\" \/>\n<link rel=\"canonical\" href=\"https:\/\/www.optic2000.ch\/de\/trends\/designer-und-luxuskollektionen\/bash-brillen\/\" \/>\n<meta property=\"og:locale\" content=\"de_DE\" \/>\n<meta property=\"og:type\" content=\"article\" \/>\n<meta property=\"og:title\" content=\"Ba&amp;sh: Leichte und modische Brillen | Optic 2000\" \/>\n<meta property=\"og:description\" content=\"Kombiniere Eleganz und Modernit\u00e4t mit Ba&amp;sh-Brillen bei Optic 2000. Entdecke eine grosse Auswahl an Fassungen, die Mode und Komfort vereinen und deinen Stil t\u00e4glich bereichern.\" \/>\n<meta property=\"og:url\" content=\"https:\/\/www.optic2000.ch\/de\/trends\/designer-und-luxuskollektionen\/bash-brillen\/\" \/>\n<meta property=\"og:site_name\" content=\"Optic 2000\" \/>\n<meta property=\"article:published_time\" content=\"2024-12-13T09:58:03+00:00\" \/>\n<meta property=\"article:modified_time\" content=\"2026-02-19T16:17:25+00:00\" \/>\n<meta property=\"og:image\" content=\"https:\/\/www.optic2000.ch\/wp-content\/uploads\/2024\/12\/optic-2000-conseils-tendances-apercu-bash.jpg\" \/>\n\t<meta property=\"og:image:width\" content=\"378\" \/>\n\t<meta property=\"og:image:height\" content=\"373\" \/>\n\t<meta property=\"og:image:type\" content=\"image\/jpeg\" \/>\n<meta name=\"author\" content=\"Esther\" \/>\n<meta name=\"twitter:card\" content=\"summary_large_image\" \/>\n<meta name=\"twitter:label1\" content=\"Verfasst von\" \/>\n\t<meta name=\"twitter:data1\" content=\"Esther\" \/>\n\t<meta name=\"twitter:label2\" content=\"Gesch\u00e4tzte Lesezeit\" \/>\n\t<meta name=\"twitter:data2\" content=\"3\u00a0Minute\" \/>\n<script type=\"application\/ld+json\" class=\"yoast-schema-graph\">{\"@context\":\"https:\\\/\\\/schema.org\",\"@graph\":[{\"@type\":\"Article\",\"@id\":\"https:\\\/\\\/www.optic2000.ch\\\/de\\\/trends\\\/designer-und-luxuskollektionen\\\/bash-brillen\\\/#article\",\"isPartOf\":{\"@id\":\"https:\\\/\\\/www.optic2000.ch\\\/de\\\/trends\\\/designer-und-luxuskollektionen\\\/bash-brillen\\\/\"},\"author\":{\"name\":\"Esther\",\"@id\":\"https:\\\/\\\/www.optic2000.ch\\\/de\\\/#\\\/schema\\\/person\\\/77cac35162a6338579e8dff62cfc2a49\"},\"headline\":\"Ba&amp;sh\",\"datePublished\":\"2024-12-13T09:58:03+00:00\",\"dateModified\":\"2026-02-19T16:17:25+00:00\",\"mainEntityOfPage\":{\"@id\":\"https:\\\/\\\/www.optic2000.ch\\\/de\\\/trends\\\/designer-und-luxuskollektionen\\\/bash-brillen\\\/\"},\"wordCount\":410,\"image\":{\"@id\":\"https:\\\/\\\/www.optic2000.ch\\\/de\\\/trends\\\/designer-und-luxuskollektionen\\\/bash-brillen\\\/#primaryimage\"},\"thumbnailUrl\":\"https:\\\/\\\/www.optic2000.ch\\\/wp-content\\\/uploads\\\/2024\\\/12\\\/optic-2000-conseils-tendances-apercu-bash.jpg\",\"articleSection\":[\"Designer- und Luxuskollektionen\"],\"inLanguage\":\"de\"},{\"@type\":\"WebPage\",\"@id\":\"https:\\\/\\\/www.optic2000.ch\\\/de\\\/trends\\\/designer-und-luxuskollektionen\\\/bash-brillen\\\/\",\"url\":\"https:\\\/\\\/www.optic2000.ch\\\/de\\\/trends\\\/designer-und-luxuskollektionen\\\/bash-brillen\\\/\",\"name\":\"Ba&sh: Leichte und modische Brillen | Optic 2000\",\"isPartOf\":{\"@id\":\"https:\\\/\\\/www.optic2000.ch\\\/de\\\/#website\"},\"primaryImageOfPage\":{\"@id\":\"https:\\\/\\\/www.optic2000.ch\\\/de\\\/trends\\\/designer-und-luxuskollektionen\\\/bash-brillen\\\/#primaryimage\"},\"image\":{\"@id\":\"https:\\\/\\\/www.optic2000.ch\\\/de\\\/trends\\\/designer-und-luxuskollektionen\\\/bash-brillen\\\/#primaryimage\"},\"thumbnailUrl\":\"https:\\\/\\\/www.optic2000.ch\\\/wp-content\\\/uploads\\\/2024\\\/12\\\/optic-2000-conseils-tendances-apercu-bash.jpg\",\"datePublished\":\"2024-12-13T09:58:03+00:00\",\"dateModified\":\"2026-02-19T16:17:25+00:00\",\"author\":{\"@id\":\"https:\\\/\\\/www.optic2000.ch\\\/de\\\/#\\\/schema\\\/person\\\/77cac35162a6338579e8dff62cfc2a49\"},\"description\":\"Kombiniere Eleganz und Modernit\u00e4t mit Ba&sh-Brillen bei Optic 2000. Entdecke eine grosse Auswahl an Fassungen, die Mode und Komfort vereinen und deinen Stil t\u00e4glich bereichern.\",\"breadcrumb\":{\"@id\":\"https:\\\/\\\/www.optic2000.ch\\\/de\\\/trends\\\/designer-und-luxuskollektionen\\\/bash-brillen\\\/#breadcrumb\"},\"inLanguage\":\"de\",\"potentialAction\":[{\"@type\":\"ReadAction\",\"target\":[\"https:\\\/\\\/www.optic2000.ch\\\/de\\\/trends\\\/designer-und-luxuskollektionen\\\/bash-brillen\\\/\"]}]},{\"@type\":\"ImageObject\",\"inLanguage\":\"de\",\"@id\":\"https:\\\/\\\/www.optic2000.ch\\\/de\\\/trends\\\/designer-und-luxuskollektionen\\\/bash-brillen\\\/#primaryimage\",\"url\":\"https:\\\/\\\/www.optic2000.ch\\\/wp-content\\\/uploads\\\/2024\\\/12\\\/optic-2000-conseils-tendances-apercu-bash.jpg\",\"contentUrl\":\"https:\\\/\\\/www.optic2000.ch\\\/wp-content\\\/uploads\\\/2024\\\/12\\\/optic-2000-conseils-tendances-apercu-bash.jpg\",\"width\":378,\"height\":373},{\"@type\":\"BreadcrumbList\",\"@id\":\"https:\\\/\\\/www.optic2000.ch\\\/de\\\/trends\\\/designer-und-luxuskollektionen\\\/bash-brillen\\\/#breadcrumb\",\"itemListElement\":[{\"@type\":\"ListItem\",\"position\":1,\"name\":\"Accueil\",\"item\":\"https:\\\/\\\/www.optic2000.ch\\\/de\\\/\"},{\"@type\":\"ListItem\",\"position\":2,\"name\":\"Ba&amp;sh\"}]},{\"@type\":\"WebSite\",\"@id\":\"https:\\\/\\\/www.optic2000.ch\\\/de\\\/#website\",\"url\":\"https:\\\/\\\/www.optic2000.ch\\\/de\\\/\",\"name\":\"Optic 2000\",\"description\":\"\",\"potentialAction\":[{\"@type\":\"SearchAction\",\"target\":{\"@type\":\"EntryPoint\",\"urlTemplate\":\"https:\\\/\\\/www.optic2000.ch\\\/de\\\/?s={search_term_string}\"},\"query-input\":{\"@type\":\"PropertyValueSpecification\",\"valueRequired\":true,\"valueName\":\"search_term_string\"}}],\"inLanguage\":\"de\"},{\"@type\":\"Person\",\"@id\":\"https:\\\/\\\/www.optic2000.ch\\\/de\\\/#\\\/schema\\\/person\\\/77cac35162a6338579e8dff62cfc2a49\",\"name\":\"Esther\",\"image\":{\"@type\":\"ImageObject\",\"inLanguage\":\"de\",\"@id\":\"https:\\\/\\\/secure.gravatar.com\\\/avatar\\\/a4c5a5cf44c307d069d15d5b0eec069f481080eb5c8bc731a08796a82da8b4d5?s=96&d=mm&r=g\",\"url\":\"https:\\\/\\\/secure.gravatar.com\\\/avatar\\\/a4c5a5cf44c307d069d15d5b0eec069f481080eb5c8bc731a08796a82da8b4d5?s=96&d=mm&r=g\",\"contentUrl\":\"https:\\\/\\\/secure.gravatar.com\\\/avatar\\\/a4c5a5cf44c307d069d15d5b0eec069f481080eb5c8bc731a08796a82da8b4d5?s=96&d=mm&r=g\",\"caption\":\"Esther\"}}]}<\/script>\n<!-- \/ Yoast SEO plugin. -->","yoast_head_json":{"description":"Kombiniere Eleganz und Modernit\u00e4t mit Ba&sh-Brillen bei Optic 2000. Entdecke eine grosse Auswahl an Fassungen, die Mode und Komfort vereinen und deinen Stil t\u00e4glich bereichern.","robots":{"index":"index","follow":"follow","max-snippet":"max-snippet:-1","max-image-preview":"max-image-preview:large","max-video-preview":"max-video-preview:-1"},"canonical":"https:\/\/www.optic2000.ch\/de\/trends\/designer-und-luxuskollektionen\/bash-brillen\/","og_locale":"de_DE","og_type":"article","og_title":"Ba&sh: Leichte und modische Brillen | Optic 2000","og_description":"Kombiniere Eleganz und Modernit\u00e4t mit Ba&sh-Brillen bei Optic 2000. Entdecke eine grosse Auswahl an Fassungen, die Mode und Komfort vereinen und deinen Stil t\u00e4glich bereichern.","og_url":"https:\/\/www.optic2000.ch\/de\/trends\/designer-und-luxuskollektionen\/bash-brillen\/","og_site_name":"Optic 2000","article_published_time":"2024-12-13T09:58:03+00:00","article_modified_time":"2026-02-19T16:17:25+00:00","og_image":[{"width":378,"height":373,"url":"https:\/\/www.optic2000.ch\/wp-content\/uploads\/2024\/12\/optic-2000-conseils-tendances-apercu-bash.jpg","type":"image\/jpeg"}],"author":"Esther","twitter_card":"summary_large_image","twitter_misc":{"Verfasst von":"Esther","Gesch\u00e4tzte Lesezeit":"3\u00a0Minute"},"schema":{"@context":"https:\/\/schema.org","@graph":[{"@type":"Article","@id":"https:\/\/www.optic2000.ch\/de\/trends\/designer-und-luxuskollektionen\/bash-brillen\/#article","isPartOf":{"@id":"https:\/\/www.optic2000.ch\/de\/trends\/designer-und-luxuskollektionen\/bash-brillen\/"},"author":{"name":"Esther","@id":"https:\/\/www.optic2000.ch\/de\/#\/schema\/person\/77cac35162a6338579e8dff62cfc2a49"},"headline":"Ba&amp;sh","datePublished":"2024-12-13T09:58:03+00:00","dateModified":"2026-02-19T16:17:25+00:00","mainEntityOfPage":{"@id":"https:\/\/www.optic2000.ch\/de\/trends\/designer-und-luxuskollektionen\/bash-brillen\/"},"wordCount":410,"image":{"@id":"https:\/\/www.optic2000.ch\/de\/trends\/designer-und-luxuskollektionen\/bash-brillen\/#primaryimage"},"thumbnailUrl":"https:\/\/www.optic2000.ch\/wp-content\/uploads\/2024\/12\/optic-2000-conseils-tendances-apercu-bash.jpg","articleSection":["Designer- und Luxuskollektionen"],"inLanguage":"de"},{"@type":"WebPage","@id":"https:\/\/www.optic2000.ch\/de\/trends\/designer-und-luxuskollektionen\/bash-brillen\/","url":"https:\/\/www.optic2000.ch\/de\/trends\/designer-und-luxuskollektionen\/bash-brillen\/","name":"Ba&sh: Leichte und modische Brillen | Optic 2000","isPartOf":{"@id":"https:\/\/www.optic2000.ch\/de\/#website"},"primaryImageOfPage":{"@id":"https:\/\/www.optic2000.ch\/de\/trends\/designer-und-luxuskollektionen\/bash-brillen\/#primaryimage"},"image":{"@id":"https:\/\/www.optic2000.ch\/de\/trends\/designer-und-luxuskollektionen\/bash-brillen\/#primaryimage"},"thumbnailUrl":"https:\/\/www.optic2000.ch\/wp-content\/uploads\/2024\/12\/optic-2000-conseils-tendances-apercu-bash.jpg","datePublished":"2024-12-13T09:58:03+00:00","dateModified":"2026-02-19T16:17:25+00:00","author":{"@id":"https:\/\/www.optic2000.ch\/de\/#\/schema\/person\/77cac35162a6338579e8dff62cfc2a49"},"description":"Kombiniere Eleganz und Modernit\u00e4t mit Ba&sh-Brillen bei Optic 2000. Entdecke eine grosse Auswahl an Fassungen, die Mode und Komfort vereinen und deinen Stil t\u00e4glich bereichern.","breadcrumb":{"@id":"https:\/\/www.optic2000.ch\/de\/trends\/designer-und-luxuskollektionen\/bash-brillen\/#breadcrumb"},"inLanguage":"de","potentialAction":[{"@type":"ReadAction","target":["https:\/\/www.optic2000.ch\/de\/trends\/designer-und-luxuskollektionen\/bash-brillen\/"]}]},{"@type":"ImageObject","inLanguage":"de","@id":"https:\/\/www.optic2000.ch\/de\/trends\/designer-und-luxuskollektionen\/bash-brillen\/#primaryimage","url":"https:\/\/www.optic2000.ch\/wp-content\/uploads\/2024\/12\/optic-2000-conseils-tendances-apercu-bash.jpg","contentUrl":"https:\/\/www.optic2000.ch\/wp-content\/uploads\/2024\/12\/optic-2000-conseils-tendances-apercu-bash.jpg","width":378,"height":373},{"@type":"BreadcrumbList","@id":"https:\/\/www.optic2000.ch\/de\/trends\/designer-und-luxuskollektionen\/bash-brillen\/#breadcrumb","itemListElement":[{"@type":"ListItem","position":1,"name":"Accueil","item":"https:\/\/www.optic2000.ch\/de\/"},{"@type":"ListItem","position":2,"name":"Ba&amp;sh"}]},{"@type":"WebSite","@id":"https:\/\/www.optic2000.ch\/de\/#website","url":"https:\/\/www.optic2000.ch\/de\/","name":"Optic 2000","description":"","potentialAction":[{"@type":"SearchAction","target":{"@type":"EntryPoint","urlTemplate":"https:\/\/www.optic2000.ch\/de\/?s={search_term_string}"},"query-input":{"@type":"PropertyValueSpecification","valueRequired":true,"valueName":"search_term_string"}}],"inLanguage":"de"},{"@type":"Person","@id":"https:\/\/www.optic2000.ch\/de\/#\/schema\/person\/77cac35162a6338579e8dff62cfc2a49","name":"Esther","image":{"@type":"ImageObject","inLanguage":"de","@id":"https:\/\/secure.gravatar.com\/avatar\/a4c5a5cf44c307d069d15d5b0eec069f481080eb5c8bc731a08796a82da8b4d5?s=96&d=mm&r=g","url":"https:\/\/secure.gravatar.com\/avatar\/a4c5a5cf44c307d069d15d5b0eec069f481080eb5c8bc731a08796a82da8b4d5?s=96&d=mm&r=g","contentUrl":"https:\/\/secure.gravatar.com\/avatar\/a4c5a5cf44c307d069d15d5b0eec069f481080eb5c8bc731a08796a82da8b4d5?s=96&d=mm&r=g","caption":"Esther"}}]}},"_links":{"self":[{"href":"https:\/\/www.optic2000.ch\/de\/wp-json\/wp\/v2\/posts\/43741","targetHints":{"allow":["GET"]}}],"collection":[{"href":"https:\/\/www.optic2000.ch\/de\/wp-json\/wp\/v2\/posts"}],"about":[{"href":"https:\/\/www.optic2000.ch\/de\/wp-json\/wp\/v2\/types\/post"}],"author":[{"embeddable":true,"href":"https:\/\/www.optic2000.ch\/de\/wp-json\/wp\/v2\/users\/4"}],"replies":[{"embeddable":true,"href":"https:\/\/www.optic2000.ch\/de\/wp-json\/wp\/v2\/comments?post=43741"}],"version-history":[{"count":4,"href":"https:\/\/www.optic2000.ch\/de\/wp-json\/wp\/v2\/posts\/43741\/revisions"}],"predecessor-version":[{"id":59738,"href":"https:\/\/www.optic2000.ch\/de\/wp-json\/wp\/v2\/posts\/43741\/revisions\/59738"}],"wp:featuredmedia":[{"embeddable":true,"href":"https:\/\/www.optic2000.ch\/de\/wp-json\/wp\/v2\/media\/42156"}],"wp:attachment":[{"href":"https:\/\/www.optic2000.ch\/de\/wp-json\/wp\/v2\/media?parent=43741"}],"wp:term":[{"taxonomy":"category","embeddable":true,"href":"https:\/\/www.optic2000.ch\/de\/wp-json\/wp\/v2\/categories?post=43741"}],"curies":[{"name":"wp","href":"https:\/\/api.w.org\/{rel}","templated":true}]}}