{"id":52739,"date":"2025-09-11T11:06:21","date_gmt":"2025-09-11T09:06:21","guid":{"rendered":"https:\/\/www.optic2000.ch\/?p=52739"},"modified":"2025-09-11T11:08:14","modified_gmt":"2025-09-11T09:08:14","slug":"die-losungen-um-die-kurzsichtigkeit-zu-bremsen","status":"publish","type":"post","link":"https:\/\/www.optic2000.ch\/de\/gesundheit\/sicht-kinder\/die-losungen-um-die-kurzsichtigkeit-zu-bremsen\/","title":{"rendered":"Die L\u00f6sungen, um die Kurzsichtigkeit zu bremsen"},"content":{"rendered":"            <div class=\"hf_animated fade_bottom none default wp-block-habefast-advanced-layout-group is-layout-constrained wp-block-habefast-advanced-layout-group-is-layout-constrained\">\r\n                <div class=\"wp-block-habefast-advanced-group-container is-style- is-layout-constrained\"  style='--_hfal-cg-d-lg:flex;--_hfal-cg-p-t-lg:var(--wp--preset--spacing--30);--_hfal-cg-d-md:flex;--_hfal-cg-d-sm:flex;--_hfal-cg-p-t-md:var(--wp--preset--spacing--30);--_hfal-cg-p-t-sm:var(--wp--preset--spacing--30);'>\r\n                                        <div class=\"wp-block-habefast-advanced-group-inner is-layout-flow\">\r\n                        \n\n<h2 class=\"wp-block-heading has-text-align-left has-large-font-size\" style=\"padding-bottom:0\">Was ist Myopie (Kurzsichtigkeit)?<\/h2>\n\n\n            <div class=\"wp-block-habefast-advanced-layout-group is-layout-constrained wp-block-habefast-advanced-layout-group-is-layout-constrained\">\r\n                <div class=\"wp-block-habefast-advanced-group-container is-style- is-layout-constrained\"  style='--_hfal-cg-d-lg:flex;--_hfal-cg-d-md:flex;--_hfal-cg-d-sm:flex;'>\r\n                                        <div class=\"wp-block-habefast-advanced-group-inner is-layout-flow\">\r\n                        \n\n<p class=\"\">Der Augenarzt, ein Arzt, der sich auf das Auge und das Sehen spezialisiert hat, diagnostiziert bei Patienten potenzielle Fehlsichtigkeiten wie Kurzsichtigkeit, Alterssichtigkeit oder Astigmatismus. Augen\u00e4rzte und Optiker arbeiten eng zusammen, um bei der Verlangsamung der Myopie bei jungen Patienten zu helfen.<\/p>\n\n\n\n<p class=\"\">Kurzsichtigkeit bedeutet eine verschwommene Sicht in der Ferne und eine scharfe Sicht in der N\u00e4he. Die Lichtstrahlen werden nicht optimal auf der Netzhaut geb\u00fcndelt. Das Bild eines entfernten Objekts entsteht vor der Netzhaut, was zu einer verschwommenen Sicht in der Ferne f\u00fchrt.<\/p>\n\n\n\n<p class=\"\">Myopie ist weltweit die Hauptursache f\u00fcr Sehbehinderung und die zweith\u00e4ufigste Ursache f\u00fcr Blindheit. In den letzten Jahrzehnten hat die Kurzsichtigkeit stark zugenommen. Epidemiologen zufolge ist eine Pr\u00e4ventionspolitik unerl\u00e4sslich, da sonst bis zum Jahr 2050 jeder zweite Mensch an Myopie leiden wird.<\/p>\n\n\n\n<p class=\"\">Zur Vorbeugung und Behandlung von Myopie gibt es mehrere M\u00f6glichkeiten. Gem\u00e4ss verschiedenen wissenschaftlichen Studien sollte man den Einfluss von Umweltfaktoren begrenzen, da einige als sch\u00e4digend identifiziert wurden. Zu diesen Faktoren geh\u00f6ren insbesondere die \u00fcberm\u00e4ssige Nutzung von Bildschirmen und die damit verbundene Bewegungsarmut. Der Kontakt mit nat\u00fcrlichem Licht, das viele sch\u00fctzende blaue und violette Komponenten enth\u00e4lt, ist gut f\u00fcr die Augen. Um ihre Sehkraft zu erhalten, sollte man Aktivit\u00e4ten anbieten, bei denen die Nahsicht zum Einsatz kommt, wie Lesen oder Bildschirmspiele, aber auch Pausen oder Aktivit\u00e4ten, die die Fernsicht f\u00f6rdern, um das Auge auszuruhen und es in jeder Situation zu stimulieren.<\/p>\n\n\n\n<p class=\"\">Ausserdem wird eine augen\u00e4rztliche Untersuchung f\u00fcr Kinder im Alter von 3 oder 4 Jahren empfohlen. Wenn Sie bei einem Kind Anzeichen wie Schielen bemerken, sollten Sie vor dem dritten Lebensjahr einen Arzt aufsuchen. Wenn ein Kind seine Eltern oder Lehrer darauf aufmerksam macht, dass es verschwommen sieht, ist dies ein alarmierendes Zeichen.<\/p>\n\n                    <\/div>\r\n                <\/div>\r\n            <\/div>\r\n            \n\n            <div class=\"wp-block-habefast-advanced-layout-group is-layout-constrained wp-block-habefast-advanced-layout-group-is-layout-constrained\">\r\n                <div class=\"wp-block-habefast-advanced-group-container is-style-group-row is-layout-constrained\"  style='--_hfal-cg-d-lg:flex;--_hfal-cg-j-lg:center;--_hfal-cg-va-lg:center;--_hfal-cg-g-v-lg:0;--_hfal-cg-g-h-lg:var(--wp--preset--spacing--20);--_hfal-cg-m-b-lg:var(--wp--preset--spacing--30);--_hfal-cg-j-sm:center;--_hfal-cg-va-sm:center;--_hfal-cg-w-sm:wrap;--_hfal-cg-g-h-sm:0;--_hfal-cg-g-v-sm:var(--wp--preset--spacing--30);--_hfal-cg-d-md:flex;--_hfal-cg-d-sm:flex;--_hfal-cg-j-md:center;--_hfal-cg-va-md:center;--_hfal-cg-g-h-md:var(--wp--preset--spacing--20);--_hfal-cg-m-b-md:var(--wp--preset--spacing--30);--_hfal-cg-m-b-sm:var(--wp--preset--spacing--30);'>\r\n                                        <div class=\"wp-block-habefast-advanced-group-inner is-layout-flow\">\r\n                        \n\n<div style=\"--maxwidth:400px\" class=\"wp-block-optic-image\"><div class=\"wp-block-optic-image-selector  \"><img src=\"https:\/\/www.optic2000.ch\/wp-content\/uploads\/2025\/07\/optic2000-engagements-myopie-schema-2-de.png\" alt=\"Optic2000 Engagements Myopie Schema 2 De\" srcset=\"https:\/\/www.optic2000.ch\/wp-content\/uploads\/2025\/07\/optic2000-engagements-myopie-schema-2-de-150x150.png 150w, https:\/\/www.optic2000.ch\/wp-content\/uploads\/2025\/07\/optic2000-engagements-myopie-schema-2-de-300x243.png 300w, https:\/\/www.optic2000.ch\/wp-content\/uploads\/2025\/07\/optic2000-engagements-myopie-schema-2-de-1024x829.png 640w, https:\/\/www.optic2000.ch\/wp-content\/uploads\/2025\/07\/optic2000-engagements-myopie-schema-2-de.png 1660w\" sizes=\"(max-width: 150px) 150px, (max-width: 300px) 300px, (max-width: 640px) 640px, (max-width: 1660px) 1660px, 1660px\" loading=\"lazy\" class=\"wp-block-optic-image-selector-img  \" decoding=\"async\"\/><\/div><\/div>\n\n\n      <div style=\"--_hfal-s-h-lg:0;--_hfal-s-h-sm:var(--wp--preset--spacing--30);\" class=\"wp-block-habefast-spacer\"><\/div>\r\n      \n\n\n<div style=\"--maxwidth:400px\" class=\"wp-block-optic-image\"><div class=\"wp-block-optic-image-selector  \"><img src=\"https:\/\/www.optic2000.ch\/wp-content\/uploads\/2025\/07\/optic2000-engagements-myopie-schema-1-de.png\" alt=\"Optic2000 Engagements Myopie Schema 1 De\" srcset=\"https:\/\/www.optic2000.ch\/wp-content\/uploads\/2025\/07\/optic2000-engagements-myopie-schema-1-de-150x150.png 150w, https:\/\/www.optic2000.ch\/wp-content\/uploads\/2025\/07\/optic2000-engagements-myopie-schema-1-de-300x245.png 300w, https:\/\/www.optic2000.ch\/wp-content\/uploads\/2025\/07\/optic2000-engagements-myopie-schema-1-de-1024x836.png 640w, https:\/\/www.optic2000.ch\/wp-content\/uploads\/2025\/07\/optic2000-engagements-myopie-schema-1-de.png 1660w\" sizes=\"(max-width: 150px) 150px, (max-width: 300px) 300px, (max-width: 640px) 640px, (max-width: 1660px) 1660px, 1660px\" loading=\"lazy\" class=\"wp-block-optic-image-selector-img  \" decoding=\"async\"\/><\/div><\/div>\n\n                    <\/div>\r\n                <\/div>\r\n            <\/div>\r\n            \n                    <\/div>\r\n                <\/div>\r\n            <\/div>\r\n            \n\n            <div class=\"hf_animated fade_bottom none default wp-block-habefast-advanced-layout-group is-layout-constrained wp-block-habefast-advanced-layout-group-is-layout-constrained\">\r\n                <div class=\"wp-block-habefast-advanced-group-container is-style- is-layout-constrained\"  style='--_hfal-cg-d-lg:flex;--_hfal-cg-p-t-lg:var(--wp--preset--spacing--30);--_hfal-cg-d-md:flex;--_hfal-cg-d-sm:flex;--_hfal-cg-p-t-md:var(--wp--preset--spacing--30);--_hfal-cg-p-t-sm:var(--wp--preset--spacing--30);'>\r\n                                        <div class=\"wp-block-habefast-advanced-group-inner is-layout-flow\">\r\n                        \n\n<h2 class=\"wp-block-heading has-text-align-left has-large-font-size\" style=\"padding-bottom:0;text-transform:uppercase\">Progressive Myopie bei Kindern: verstehen und handeln<\/h2>\n\n\n\n<p class=\"has-text-align-left\">Die Zahl der F\u00e4lle von Kurzsichtigkeit steigt bei Kindern und Jugendlichen exponentiell an. Immer mehr F\u00e4lle werden bei Kindern sehr fr\u00fch erkannt, was durch die Ver\u00e4nderungen des Lebensstils in den letzten Jahrzehnten erkl\u00e4rt werden kann, z.B. der Zugang zu Bildschirmen in einem sehr jungen Alter. Je fr\u00fcher die Kurzsichtigkeit auftritt, desto h\u00f6her ist das Risiko, dass sie sich zu einer schweren Myopie entwickelt und zu Komplikationen im Erwachsenenalter f\u00fchrt. Daher muss man unbedingt bereits bei den ersten Anzeichen von Kurzsichtigkeit handeln.<\/p>\n\n\n\n<p class=\"\">Neue L\u00f6sungen zur Bek\u00e4mpfung von Myopie, die auf der Defokussierung basieren, sind eine vielversprechende Alternative zu herk\u00f6mmlichen Korrekturbrillen und -linsen. Diese Ans\u00e4tze, die sich noch in der Entwicklung befinden, haben das Potenzial, das Fortschreiten der Myopie zu verlangsamen oder sogar zu stoppen und damit die Lebensqualit\u00e4t der von dieser Sehst\u00f6rung betroffenen Kinder zu verbessern.<\/p>\n\n\n\n<p class=\"has-text-align-left\"><strong>Ab dem 1. Juli 2024 \u00fcbernimmt die Krankenversicherung die Kosten f\u00fcr Brillen und Kontaktlinsen, die das Fortschreiten der Kurzsichtigkeit bei Kindern und Jugendlichen bis 21 Jahre verlangsamen.<\/strong><\/p>\n\n\n\n<p class=\"\"><a href=\"https:\/\/www.essilor.com\/ch-de\/produkte\/stellest\/\" target=\"_blank\" rel=\"noreferrer noopener\"><\/a><\/p>\n\n                    <\/div>\r\n                <\/div>\r\n            <\/div>\r\n            \n\n            <div class=\"hf_animated fade_bottom none default wp-block-habefast-advanced-layout-group is-layout-constrained wp-block-habefast-advanced-layout-group-is-layout-constrained\">\r\n                <div class=\"wp-block-habefast-advanced-group-container is-style- is-layout-constrained\"  style='--_hfal-cg-d-lg:flex;--_hfal-cg-p-t-lg:var(--wp--preset--spacing--20);--_hfal-cg-d-md:flex;--_hfal-cg-d-sm:flex;--_hfal-cg-p-t-md:var(--wp--preset--spacing--20);--_hfal-cg-p-t-sm:var(--wp--preset--spacing--20);'>\r\n                                        <div class=\"wp-block-habefast-advanced-group-inner is-layout-flow\">\r\n                        \n\n<h2 class=\"wp-block-heading has-text-align-left has-large-font-size\" style=\"padding-bottom:var(--wp--preset--spacing--50);text-transform:uppercase\">Die von Optic 2000 angebotenen L\u00f6sungen zur Verlangsamung von Kurzsichtigkeit<\/h2>\n\n\n            <div style=\"display:flex;\">\n                <div style=\"width:0;flex-basis:100%;\">\n                    <div class=\"wp-block-optic-icons wp-block-habefast-slider owl-carousel set-icons-height big-space\" id=\"block_69f14829191c4\" style='--icon-mh:160px;'>\n                        \n<div class=\"wp-block-optic-icon  \"><a href=\"https:\/\/www.essilor.com\/ch-de\/produkte\/stellest\/\" target=\"_blank\" rel=\"noopener\"><div class=\"wp-block-optic-icon-container\"><div class=\"wp-block-optic-image-selector  \"><img src=\"https:\/\/www.optic2000.ch\/wp-content\/uploads\/2024\/12\/optic2000-engagements-logo-essilor.png\" alt=\"Optic2000 Engagements Logo Essilor\" srcset=\"https:\/\/www.optic2000.ch\/wp-content\/uploads\/2024\/12\/optic2000-engagements-logo-essilor-150x150.png 150w, https:\/\/www.optic2000.ch\/wp-content\/uploads\/2024\/12\/optic2000-engagements-logo-essilor.png 260w\" sizes=\"(max-width: 150px) 150px, (max-width: 260px) 260px, 260px\" loading=\"lazy\" class=\"wp-block-optic-image-selector-img  \" decoding=\"async\"\/><\/div><div class=\"wp-block-optic-icon-content\">\n<p class=\"has-text-align-center has-small-font-size\">Die Essilor Stellest\u2122 Brillengl\u00e4ser korrigieren Myopie durch eine unifokale Zone und bremsen ihre Progression mit der HALT-Technologie. Diese Gl\u00e4ser, die mit fast unsichtbaren Mikrolinsen ausgestattet sind, garantieren eine scharfe und angenehme Sicht und bremsen wirksam die Entwicklung der Kurzsichtigkeit bei Kindern. <\/p>\n<\/div><\/div><\/a><\/div>\n\n<div class=\"wp-block-optic-icon  \"><a href=\"https:\/\/www.zeiss.ch\/vision-care\/de\/brillenglaeser-finden\/zeiss-brillenglaeser-fuer-die-behandlung-von-kurzsichtigkeit-bei-kindern-und-jugendlichen.html\" target=\"_blank\" rel=\"noopener\"><div class=\"wp-block-optic-icon-container\"><div class=\"wp-block-optic-image-selector  \"><img src=\"https:\/\/www.optic2000.ch\/wp-content\/uploads\/2024\/12\/optic2000-engagements-logo-zeiss.png\" alt=\"Optic2000 Engagements Logo Zeiss\" srcset=\"https:\/\/www.optic2000.ch\/wp-content\/uploads\/2024\/12\/optic2000-engagements-logo-zeiss-150x150.png 150w, https:\/\/www.optic2000.ch\/wp-content\/uploads\/2024\/12\/optic2000-engagements-logo-zeiss.png 260w\" sizes=\"(max-width: 150px) 150px, (max-width: 260px) 260px, 260px\" loading=\"lazy\" class=\"wp-block-optic-image-selector-img  \" decoding=\"async\"\/><\/div><div class=\"wp-block-optic-icon-content\">\n<p class=\"has-text-align-center has-small-font-size\">Die MyoCare\u00ae Brillengl\u00e4ser nutzen die C.A.R.E.-Technologie, um das Fortschreiten der Myopie bei Kindern bis zu 12 Jahren wirksam zu bremsen. Sie bieten eine scharfe und angenehme Sicht und passen sich an ihren aktiven Lebensstil an. <\/p>\n<\/div><\/div><\/a><\/div>\n\n<div class=\"wp-block-optic-icon  \"><a href=\"https:\/\/www.rodenstock.ch\/brillenglaeser\/kinderbrille\"><div class=\"wp-block-optic-icon-container\"><div class=\"wp-block-optic-image-selector  \"><img src=\"https:\/\/www.optic2000.ch\/wp-content\/uploads\/2024\/12\/optic2000-engagements-logo-rodenstock.png\" alt=\"Optic2000 Engagements Logo Rodenstock\" srcset=\"https:\/\/www.optic2000.ch\/wp-content\/uploads\/2024\/12\/optic2000-engagements-logo-rodenstock-150x150.png 150w, https:\/\/www.optic2000.ch\/wp-content\/uploads\/2024\/12\/optic2000-engagements-logo-rodenstock.png 260w\" sizes=\"(max-width: 150px) 150px, (max-width: 260px) 260px, 260px\" loading=\"lazy\" class=\"wp-block-optic-image-selector-img  \" decoding=\"async\"\/><\/div><div class=\"wp-block-optic-icon-content\">\n<p class=\"has-text-align-center has-small-font-size\">Die MyCon\u00ae Kindergl\u00e4ser wurden entwickelt, um Kurzsichtigkeit zu korrigieren und gleichzeitig deren Fortschreiten zu verlangsamen, und erm\u00f6glichen eine scharfe und angenehme Sicht. Sie sind leicht, d\u00fcnn und auf die speziellen Bed\u00fcrfnisse von Kindern abgestimmt, um langfristig eine bessere Augengesundheit zu gew\u00e4hrleisten. <\/p>\n<\/div><\/div><\/a><\/div>\n\n<div class=\"wp-block-optic-icon  \"><a href=\"https:\/\/www.optiswiss.com\/fr\/myopie-management-smyle\/index.php\" target=\"_blank\" rel=\"noopener\"><div class=\"wp-block-optic-icon-container\"><div class=\"wp-block-optic-image-selector  \"><img src=\"https:\/\/www.optic2000.ch\/wp-content\/uploads\/2024\/12\/optic2000-engagements-logo-optiswiss.png\" alt=\"Optic2000 Engagements Logo Optiswiss\" srcset=\"https:\/\/www.optic2000.ch\/wp-content\/uploads\/2024\/12\/optic2000-engagements-logo-optiswiss-150x150.png 150w, https:\/\/www.optic2000.ch\/wp-content\/uploads\/2024\/12\/optic2000-engagements-logo-optiswiss.png 260w\" sizes=\"(max-width: 150px) 150px, (max-width: 260px) 260px, 260px\" loading=\"lazy\" class=\"wp-block-optic-image-selector-img  \" decoding=\"async\"\/><\/div><div class=\"wp-block-optic-icon-content\">\n<p class=\"has-text-align-center has-small-font-size\">Die SMYLE\u00ae Gl\u00e4ser, die in Zusammenarbeit mit IOT und BHVI entwickelt wurden, halten das Fortschreiten der Myopie durch eine periphere Defokussierung und akkommodative Unterst\u00fctzung auf. Sie sorgen f\u00fcr eine scharfe und angenehme Sicht, die an die nat\u00fcrliche Asymmetrie der Netzhaut angepasst ist und stellen eine innovative L\u00f6sung f\u00fcr eine wirksame Behandlung von Myopie bei Kindern dar.  <\/p>\n<\/div><\/div><\/a><\/div>\n\n<div class=\"wp-block-optic-icon  \"><a href=\"https:\/\/www.hoyavision.com\/de-ch\/hoya-produkte\/miyosmart\/\" target=\"_blank\" rel=\"noopener\"><div class=\"wp-block-optic-icon-container\"><div class=\"wp-block-optic-image-selector  \"><img src=\"https:\/\/www.optic2000.ch\/wp-content\/uploads\/2024\/12\/optic2000-engagements-logo-hoya.png\" alt=\"Optic2000 Engagements Logo Hoya\" srcset=\"https:\/\/www.optic2000.ch\/wp-content\/uploads\/2024\/12\/optic2000-engagements-logo-hoya-150x150.png 150w, https:\/\/www.optic2000.ch\/wp-content\/uploads\/2024\/12\/optic2000-engagements-logo-hoya.png 260w\" sizes=\"(max-width: 150px) 150px, (max-width: 260px) 260px, 260px\" loading=\"lazy\" class=\"wp-block-optic-image-selector-img  \" decoding=\"async\"\/><\/div><div class=\"wp-block-optic-icon-content\">\n<p class=\"has-text-align-center has-small-font-size\">MiYOSMART\u00ae ist ein von der Haute Autorit\u00e9 de Sant\u00e9 (franz\u00f6sische Gesundheitsbeh\u00f6rde) anerkanntes Brillenglas f\u00fcr Kinder zur Verlangsamung von progressiver Myopie, das durch mehrj\u00e4hrige klinische Studien unterst\u00fctzt wird. Dank der D.I.M.S.-Technologie bremst es wirksam das Fortschreiten der Myopie. Es bietet eine angepasste Sehkorrektur und, bei den MiYOSMART Sonnenschutzgl\u00e4sern, einen integrierten Sonnenschutz. <\/p>\n<\/div><\/div><\/a><\/div>\n                    <\/div>\n                <\/div>\n            <\/div>\n            <script>\n                (function () {\n                    jQuery(document).ready(function ($) {\n                        var slider = $(\"#block_69f14829191c4\");\n                        slider.owlCarousel({\n                            items: 1,\n                            loop: false,\n                            autoplay: false,\n                            dots: false,\n                            margin: 20,\n                            nav: true,\n                            responsive: {\n                                576: {\n                                    items: 2,\n                                    margin: 20,\n                                },\n                                768: {\n                                    items: 3,\n                                    margin: 50,\n                                },\n                            },\n                        });\n                    });\n                })(jQuery);\n            <\/script>\n            \n                    <\/div>\r\n                <\/div>\r\n            <\/div>\r\n            \n\n            <div class=\"wp-block-habefast-advanced-layout-group is-layout-constrained wp-block-habefast-advanced-layout-group-is-layout-constrained\">\r\n                <div class=\"wp-block-habefast-advanced-group-container is-style-group-stack is-layout-constrained\"  style='--_hfal-cg-d-lg:flex;--_hfal-cg-bc-lg:none;--_hfal-cg-d-md:flex;--_hfal-cg-d-sm:flex;--_hfal-cg-bc-md:none;--_hfal-cg-bc-sm:none;'>\r\n                                        <div class=\"wp-block-habefast-advanced-group-inner is-layout-flow\">\r\n                                            <\/div>\r\n                <\/div>\r\n            <\/div>\r\n            \n\n<div id='block_69f1482919ff6' class='alignfull is-layout-constrained'>\n<div class=\"wp-block-optic-media-content\"><div class=\"is-layout-constrained\"><div class=\"wp-block-optic-media-content-row v-33-66 va-center  \"><div class=\"wp-block-optic-media-content-background is-shadow-bottom-top-small\"><div class=\"wp-block-optic-image-selector  \"><img src=\"https:\/\/www.optic2000.ch\/wp-content\/uploads\/2024\/12\/optic-2000-consiels-sante-risques-lumiere-bleue-enfants-.jpg\" alt=\"Optic 2000 Consiels Sante\u0301 Risques Lumie\u0300re Bleue Enfants\" srcset=\"https:\/\/www.optic2000.ch\/wp-content\/uploads\/2024\/12\/optic-2000-consiels-sante-risques-lumiere-bleue-enfants--150x150.jpg 150w, https:\/\/www.optic2000.ch\/wp-content\/uploads\/2024\/12\/optic-2000-consiels-sante-risques-lumiere-bleue-enfants--300x296.jpg 300w, https:\/\/www.optic2000.ch\/wp-content\/uploads\/2024\/12\/optic-2000-consiels-sante-risques-lumiere-bleue-enfants-.jpg 756w\" sizes=\"(max-width: 150px) 150px, (max-width: 300px) 300px, (max-width: 756px) 756px, 756px\" loading=\"lazy\" class=\"wp-block-optic-image-selector-img  \" decoding=\"async\"\/><\/div><\/div><div class=\"wp-block-optic-media-content-content\"><div>\n<h2 class=\"wp-block-heading has-text-align-left\" style=\"padding-bottom:var(--wp--preset--spacing--20)\">Unser Tipp<\/h2>\n\n\n\n<ul class=\"wp-block-list is-style-square-spaced \">\n<li class=\"\">Kurzsichtigkeit tritt bei Kindern immer fr\u00fcher auf, und ihre Pr\u00e4valenz in der Gesamtbev\u00f6lkerung nimmt stetig zu. Eine gute Diagnose bei den ersten Anzeichen ist entscheidend, um rechtzeitig einzugreifen und eine rasche Verschlechterung der Kurzsichtigkeit zu verhindern.<\/li>\n\n\n\n<li class=\"\">Zu den identifizierten Ursachen z\u00e4hlen langes Sehen aus der N\u00e4he, intensive Bildschirmnutzung, geringe Exposition gegen\u00fcber nat\u00fcrlichem Licht sowie erbliche Faktoren (insbesondere wenn beide Elternteile kurzsichtig sind).<\/li>\n\n\n\n<li class=\"\">Einfache Pr\u00e4ventionsma\u00dfnahmen k\u00f6nnen das Fortschreiten der Kurzsichtigkeit bei Kindern wirksam verlangsamen: Sehpausen einlegen, Sehentfernungen wechseln, Aktivit\u00e4ten im Freien aus\u00fcben und sich regelm\u00e4\u00dfig dem nat\u00fcrlichen Licht aussetzen.<\/li>\n\n\n\n<li class=\"\">Eine angepasste Korrektur mit Brillen oder Kontaktlinsen erm\u00f6glicht es, die Fernsicht wiederherzustellen, die Augenbelastung zu reduzieren und ein gutes Gesichtsfeld zu erhalten, w\u00e4hrend gleichzeitig die Refraktionsbed\u00fcrfnisse jedes Auges genau erf\u00fcllt werden.<\/li>\n\n\n\n<li class=\"\">Ohne regelm\u00e4ssige Kontrolle kann eine starke Kurzsichtigkeit zu langfristigen Sehkomplikationen f\u00fchren. Eine individuelle und kontinuierliche Betreuung erm\u00f6glicht es, Risiken zu begrenzen und die Augengesundheit ein Leben lang zu erhalten.<\/li>\n<\/ul>\n<\/div><\/div><\/div><\/div><\/div>\n<\/div>\n\n            <div class=\"hf_animated fade_bottom wp-block-habefast-advanced-layout-group is-layout-constrained wp-block-habefast-advanced-layout-group-is-layout-constrained\">\r\n                <div class=\"wp-block-habefast-advanced-group-container is-style- is-layout-constrained\"  style='--_hfal-cg-d-lg:flex;--_hfal-cg-p-t-lg:var(--wp--preset--spacing--30);--_hfal-cg-d-md:flex;--_hfal-cg-d-sm:flex;--_hfal-cg-p-t-md:var(--wp--preset--spacing--30);--_hfal-cg-p-t-sm:var(--wp--preset--spacing--30);'>\r\n                                        <div class=\"wp-block-habefast-advanced-group-inner is-layout-flow\">\r\n                        \n\n<h2 class=\"wp-block-heading has-text-align-center\" style=\"font-size:clamp(14px, 0.875rem + ((1vw - 3.2px) * 0.29), 18px);letter-spacing:0.36px\">EINE INDIVIDUELLE BERATUNG ERWARTET SIE IM GESCH\u00c4FT<\/h2>\n\n\n\n<div class=\"wp-block-buttons is-content-justification-center is-layout-flex wp-container-core-buttons-is-layout-a89b3969 wp-block-buttons-is-layout-flex\">\n<div class=\"wp-block-button\"><a class=\"wp-block-button__link wp-element-button\" href=\"\/de\/optikers\/\">Meinen optiker finden<\/a><\/div>\n\n\n\n<div class=\"wp-block-button\"><a class=\"wp-block-button__link wp-element-button\" href=\"#rendez-vous\">Einen termin vereinbaren<\/a><\/div>\n<\/div>\n\n                    <\/div>\r\n                <\/div>\r\n            <\/div>\r\n            ","protected":false},"excerpt":{"rendered":"","protected":false},"author":3,"featured_media":41645,"comment_status":"closed","ping_status":"closed","sticky":false,"template":"","format":"standard","meta":{"_acf_changed":false,"_optic_post_header_transparent":true,"_optic_post_header_white_mobile":false,"_optic_post_header_transparent_black":false,"_optic_post_hide_rdv_button":false,"_optic_post_hide_footer_margintop":false,"_optic_post_is_audition":false,"_optic_post_is_concours_noel":false,"_optic_post_animate_menu_logo":false,"_optic_post_translations":[],"_optic_post_hide_bottom_mobile_fixed_btns":false,"_optic_post_title":"","_optic_post_description":"","footnotes":""},"categories":[1589,1587],"class_list":["post-52739","post","type-post","status-publish","format-standard","has-post-thumbnail","hentry","category-sicht-kinder","category-gesundheit"],"acf":[],"yoast_head":"<!-- This site is optimized with the Yoast SEO plugin v27.3 - https:\/\/yoast.com\/product\/yoast-seo-wordpress\/ -->\n<meta name=\"description\" content=\"Entdecke die L\u00f6sungen von Optic 2000 zur Verlangsamung der Kurzsichtigkeit bei Kindern. Sichere ihnen optimale Sehkraft und verbesserten visuellen Komfort.\" \/>\n<meta name=\"robots\" content=\"index, follow, max-snippet:-1, max-image-preview:large, max-video-preview:-1\" \/>\n<link rel=\"canonical\" href=\"https:\/\/www.optic2000.ch\/de\/gesundheit\/sicht-kinder\/die-losungen-um-die-kurzsichtigkeit-zu-bremsen\/\" \/>\n<meta property=\"og:locale\" content=\"de_DE\" \/>\n<meta property=\"og:type\" content=\"article\" \/>\n<meta property=\"og:title\" content=\"Kurzsichtigkeit bei Kindern: Pr\u00e4vention &amp; L\u00f6sungen | Optic 2000\" \/>\n<meta property=\"og:description\" content=\"Entdecke die L\u00f6sungen von Optic 2000 zur Verlangsamung der Kurzsichtigkeit bei Kindern. Sichere ihnen optimale Sehkraft und verbesserten visuellen Komfort.\" \/>\n<meta property=\"og:url\" content=\"https:\/\/www.optic2000.ch\/de\/gesundheit\/sicht-kinder\/die-losungen-um-die-kurzsichtigkeit-zu-bremsen\/\" \/>\n<meta property=\"og:site_name\" content=\"Optic 2000\" \/>\n<meta property=\"article:published_time\" content=\"2025-09-11T09:06:21+00:00\" \/>\n<meta property=\"article:modified_time\" content=\"2025-09-11T09:08:14+00:00\" \/>\n<meta property=\"og:image\" content=\"https:\/\/www.optic2000.ch\/wp-content\/uploads\/2024\/12\/optic-2000-consiels-sante-risques-lumiere-bleue-enfants-.jpg\" \/>\n\t<meta property=\"og:image:width\" content=\"756\" \/>\n\t<meta property=\"og:image:height\" content=\"746\" \/>\n\t<meta property=\"og:image:type\" content=\"image\/jpeg\" \/>\n<meta name=\"author\" content=\"Rose\" \/>\n<meta name=\"twitter:card\" content=\"summary_large_image\" \/>\n<meta name=\"twitter:label1\" content=\"Verfasst von\" \/>\n\t<meta name=\"twitter:data1\" content=\"Rose\" \/>\n\t<meta name=\"twitter:label2\" content=\"Gesch\u00e4tzte Lesezeit\" \/>\n\t<meta name=\"twitter:data2\" content=\"7\u00a0Minute\" \/>\n<script type=\"application\/ld+json\" class=\"yoast-schema-graph\">{\"@context\":\"https:\\\/\\\/schema.org\",\"@graph\":[{\"@type\":\"Article\",\"@id\":\"https:\\\/\\\/www.optic2000.ch\\\/de\\\/gesundheit\\\/sicht-kinder\\\/die-losungen-um-die-kurzsichtigkeit-zu-bremsen\\\/#article\",\"isPartOf\":{\"@id\":\"https:\\\/\\\/www.optic2000.ch\\\/de\\\/gesundheit\\\/sicht-kinder\\\/die-losungen-um-die-kurzsichtigkeit-zu-bremsen\\\/\"},\"author\":{\"name\":\"Rose\",\"@id\":\"https:\\\/\\\/www.optic2000.ch\\\/de\\\/#\\\/schema\\\/person\\\/c5a01ae556a26ba251522d96f515d4a6\"},\"headline\":\"Die L\u00f6sungen, um die Kurzsichtigkeit zu bremsen\",\"datePublished\":\"2025-09-11T09:06:21+00:00\",\"dateModified\":\"2025-09-11T09:08:14+00:00\",\"mainEntityOfPage\":{\"@id\":\"https:\\\/\\\/www.optic2000.ch\\\/de\\\/gesundheit\\\/sicht-kinder\\\/die-losungen-um-die-kurzsichtigkeit-zu-bremsen\\\/\"},\"wordCount\":935,\"image\":{\"@id\":\"https:\\\/\\\/www.optic2000.ch\\\/de\\\/gesundheit\\\/sicht-kinder\\\/die-losungen-um-die-kurzsichtigkeit-zu-bremsen\\\/#primaryimage\"},\"thumbnailUrl\":\"https:\\\/\\\/www.optic2000.ch\\\/wp-content\\\/uploads\\\/2024\\\/12\\\/optic-2000-consiels-sante-risques-lumiere-bleue-enfants-.jpg\",\"articleSection\":[\"Die Sicht der Kinder\",\"Unsere Gesundheitstipps\"],\"inLanguage\":\"de\"},{\"@type\":\"WebPage\",\"@id\":\"https:\\\/\\\/www.optic2000.ch\\\/de\\\/gesundheit\\\/sicht-kinder\\\/die-losungen-um-die-kurzsichtigkeit-zu-bremsen\\\/\",\"url\":\"https:\\\/\\\/www.optic2000.ch\\\/de\\\/gesundheit\\\/sicht-kinder\\\/die-losungen-um-die-kurzsichtigkeit-zu-bremsen\\\/\",\"name\":\"Kurzsichtigkeit bei Kindern: Pr\u00e4vention & L\u00f6sungen | Optic 2000\",\"isPartOf\":{\"@id\":\"https:\\\/\\\/www.optic2000.ch\\\/de\\\/#website\"},\"primaryImageOfPage\":{\"@id\":\"https:\\\/\\\/www.optic2000.ch\\\/de\\\/gesundheit\\\/sicht-kinder\\\/die-losungen-um-die-kurzsichtigkeit-zu-bremsen\\\/#primaryimage\"},\"image\":{\"@id\":\"https:\\\/\\\/www.optic2000.ch\\\/de\\\/gesundheit\\\/sicht-kinder\\\/die-losungen-um-die-kurzsichtigkeit-zu-bremsen\\\/#primaryimage\"},\"thumbnailUrl\":\"https:\\\/\\\/www.optic2000.ch\\\/wp-content\\\/uploads\\\/2024\\\/12\\\/optic-2000-consiels-sante-risques-lumiere-bleue-enfants-.jpg\",\"datePublished\":\"2025-09-11T09:06:21+00:00\",\"dateModified\":\"2025-09-11T09:08:14+00:00\",\"author\":{\"@id\":\"https:\\\/\\\/www.optic2000.ch\\\/de\\\/#\\\/schema\\\/person\\\/c5a01ae556a26ba251522d96f515d4a6\"},\"description\":\"Entdecke die L\u00f6sungen von Optic 2000 zur Verlangsamung der Kurzsichtigkeit bei Kindern. Sichere ihnen optimale Sehkraft und verbesserten visuellen Komfort.\",\"breadcrumb\":{\"@id\":\"https:\\\/\\\/www.optic2000.ch\\\/de\\\/gesundheit\\\/sicht-kinder\\\/die-losungen-um-die-kurzsichtigkeit-zu-bremsen\\\/#breadcrumb\"},\"inLanguage\":\"de\",\"potentialAction\":[{\"@type\":\"ReadAction\",\"target\":[\"https:\\\/\\\/www.optic2000.ch\\\/de\\\/gesundheit\\\/sicht-kinder\\\/die-losungen-um-die-kurzsichtigkeit-zu-bremsen\\\/\"]}]},{\"@type\":\"ImageObject\",\"inLanguage\":\"de\",\"@id\":\"https:\\\/\\\/www.optic2000.ch\\\/de\\\/gesundheit\\\/sicht-kinder\\\/die-losungen-um-die-kurzsichtigkeit-zu-bremsen\\\/#primaryimage\",\"url\":\"https:\\\/\\\/www.optic2000.ch\\\/wp-content\\\/uploads\\\/2024\\\/12\\\/optic-2000-consiels-sante-risques-lumiere-bleue-enfants-.jpg\",\"contentUrl\":\"https:\\\/\\\/www.optic2000.ch\\\/wp-content\\\/uploads\\\/2024\\\/12\\\/optic-2000-consiels-sante-risques-lumiere-bleue-enfants-.jpg\",\"width\":756,\"height\":746},{\"@type\":\"BreadcrumbList\",\"@id\":\"https:\\\/\\\/www.optic2000.ch\\\/de\\\/gesundheit\\\/sicht-kinder\\\/die-losungen-um-die-kurzsichtigkeit-zu-bremsen\\\/#breadcrumb\",\"itemListElement\":[{\"@type\":\"ListItem\",\"position\":1,\"name\":\"Accueil\",\"item\":\"https:\\\/\\\/www.optic2000.ch\\\/de\\\/\"},{\"@type\":\"ListItem\",\"position\":2,\"name\":\"Die L\u00f6sungen, um die Kurzsichtigkeit zu bremsen\"}]},{\"@type\":\"WebSite\",\"@id\":\"https:\\\/\\\/www.optic2000.ch\\\/de\\\/#website\",\"url\":\"https:\\\/\\\/www.optic2000.ch\\\/de\\\/\",\"name\":\"Optic 2000\",\"description\":\"\",\"potentialAction\":[{\"@type\":\"SearchAction\",\"target\":{\"@type\":\"EntryPoint\",\"urlTemplate\":\"https:\\\/\\\/www.optic2000.ch\\\/de\\\/?s={search_term_string}\"},\"query-input\":{\"@type\":\"PropertyValueSpecification\",\"valueRequired\":true,\"valueName\":\"search_term_string\"}}],\"inLanguage\":\"de\"},{\"@type\":\"Person\",\"@id\":\"https:\\\/\\\/www.optic2000.ch\\\/de\\\/#\\\/schema\\\/person\\\/c5a01ae556a26ba251522d96f515d4a6\",\"name\":\"Rose\",\"image\":{\"@type\":\"ImageObject\",\"inLanguage\":\"de\",\"@id\":\"https:\\\/\\\/secure.gravatar.com\\\/avatar\\\/ff093650fac9ab0a28b4fa786664a5b762c9ddfeef155339acdbcc34d1d62f4c?s=96&d=mm&r=g\",\"url\":\"https:\\\/\\\/secure.gravatar.com\\\/avatar\\\/ff093650fac9ab0a28b4fa786664a5b762c9ddfeef155339acdbcc34d1d62f4c?s=96&d=mm&r=g\",\"contentUrl\":\"https:\\\/\\\/secure.gravatar.com\\\/avatar\\\/ff093650fac9ab0a28b4fa786664a5b762c9ddfeef155339acdbcc34d1d62f4c?s=96&d=mm&r=g\",\"caption\":\"Rose\"}}]}<\/script>\n<!-- \/ Yoast SEO plugin. -->","yoast_head_json":{"description":"Entdecke die L\u00f6sungen von Optic 2000 zur Verlangsamung der Kurzsichtigkeit bei Kindern. Sichere ihnen optimale Sehkraft und verbesserten visuellen Komfort.","robots":{"index":"index","follow":"follow","max-snippet":"max-snippet:-1","max-image-preview":"max-image-preview:large","max-video-preview":"max-video-preview:-1"},"canonical":"https:\/\/www.optic2000.ch\/de\/gesundheit\/sicht-kinder\/die-losungen-um-die-kurzsichtigkeit-zu-bremsen\/","og_locale":"de_DE","og_type":"article","og_title":"Kurzsichtigkeit bei Kindern: Pr\u00e4vention & L\u00f6sungen | Optic 2000","og_description":"Entdecke die L\u00f6sungen von Optic 2000 zur Verlangsamung der Kurzsichtigkeit bei Kindern. Sichere ihnen optimale Sehkraft und verbesserten visuellen Komfort.","og_url":"https:\/\/www.optic2000.ch\/de\/gesundheit\/sicht-kinder\/die-losungen-um-die-kurzsichtigkeit-zu-bremsen\/","og_site_name":"Optic 2000","article_published_time":"2025-09-11T09:06:21+00:00","article_modified_time":"2025-09-11T09:08:14+00:00","og_image":[{"width":756,"height":746,"url":"https:\/\/www.optic2000.ch\/wp-content\/uploads\/2024\/12\/optic-2000-consiels-sante-risques-lumiere-bleue-enfants-.jpg","type":"image\/jpeg"}],"author":"Rose","twitter_card":"summary_large_image","twitter_misc":{"Verfasst von":"Rose","Gesch\u00e4tzte Lesezeit":"7\u00a0Minute"},"schema":{"@context":"https:\/\/schema.org","@graph":[{"@type":"Article","@id":"https:\/\/www.optic2000.ch\/de\/gesundheit\/sicht-kinder\/die-losungen-um-die-kurzsichtigkeit-zu-bremsen\/#article","isPartOf":{"@id":"https:\/\/www.optic2000.ch\/de\/gesundheit\/sicht-kinder\/die-losungen-um-die-kurzsichtigkeit-zu-bremsen\/"},"author":{"name":"Rose","@id":"https:\/\/www.optic2000.ch\/de\/#\/schema\/person\/c5a01ae556a26ba251522d96f515d4a6"},"headline":"Die L\u00f6sungen, um die Kurzsichtigkeit zu bremsen","datePublished":"2025-09-11T09:06:21+00:00","dateModified":"2025-09-11T09:08:14+00:00","mainEntityOfPage":{"@id":"https:\/\/www.optic2000.ch\/de\/gesundheit\/sicht-kinder\/die-losungen-um-die-kurzsichtigkeit-zu-bremsen\/"},"wordCount":935,"image":{"@id":"https:\/\/www.optic2000.ch\/de\/gesundheit\/sicht-kinder\/die-losungen-um-die-kurzsichtigkeit-zu-bremsen\/#primaryimage"},"thumbnailUrl":"https:\/\/www.optic2000.ch\/wp-content\/uploads\/2024\/12\/optic-2000-consiels-sante-risques-lumiere-bleue-enfants-.jpg","articleSection":["Die Sicht der Kinder","Unsere Gesundheitstipps"],"inLanguage":"de"},{"@type":"WebPage","@id":"https:\/\/www.optic2000.ch\/de\/gesundheit\/sicht-kinder\/die-losungen-um-die-kurzsichtigkeit-zu-bremsen\/","url":"https:\/\/www.optic2000.ch\/de\/gesundheit\/sicht-kinder\/die-losungen-um-die-kurzsichtigkeit-zu-bremsen\/","name":"Kurzsichtigkeit bei Kindern: Pr\u00e4vention & L\u00f6sungen | Optic 2000","isPartOf":{"@id":"https:\/\/www.optic2000.ch\/de\/#website"},"primaryImageOfPage":{"@id":"https:\/\/www.optic2000.ch\/de\/gesundheit\/sicht-kinder\/die-losungen-um-die-kurzsichtigkeit-zu-bremsen\/#primaryimage"},"image":{"@id":"https:\/\/www.optic2000.ch\/de\/gesundheit\/sicht-kinder\/die-losungen-um-die-kurzsichtigkeit-zu-bremsen\/#primaryimage"},"thumbnailUrl":"https:\/\/www.optic2000.ch\/wp-content\/uploads\/2024\/12\/optic-2000-consiels-sante-risques-lumiere-bleue-enfants-.jpg","datePublished":"2025-09-11T09:06:21+00:00","dateModified":"2025-09-11T09:08:14+00:00","author":{"@id":"https:\/\/www.optic2000.ch\/de\/#\/schema\/person\/c5a01ae556a26ba251522d96f515d4a6"},"description":"Entdecke die L\u00f6sungen von Optic 2000 zur Verlangsamung der Kurzsichtigkeit bei Kindern. Sichere ihnen optimale Sehkraft und verbesserten visuellen Komfort.","breadcrumb":{"@id":"https:\/\/www.optic2000.ch\/de\/gesundheit\/sicht-kinder\/die-losungen-um-die-kurzsichtigkeit-zu-bremsen\/#breadcrumb"},"inLanguage":"de","potentialAction":[{"@type":"ReadAction","target":["https:\/\/www.optic2000.ch\/de\/gesundheit\/sicht-kinder\/die-losungen-um-die-kurzsichtigkeit-zu-bremsen\/"]}]},{"@type":"ImageObject","inLanguage":"de","@id":"https:\/\/www.optic2000.ch\/de\/gesundheit\/sicht-kinder\/die-losungen-um-die-kurzsichtigkeit-zu-bremsen\/#primaryimage","url":"https:\/\/www.optic2000.ch\/wp-content\/uploads\/2024\/12\/optic-2000-consiels-sante-risques-lumiere-bleue-enfants-.jpg","contentUrl":"https:\/\/www.optic2000.ch\/wp-content\/uploads\/2024\/12\/optic-2000-consiels-sante-risques-lumiere-bleue-enfants-.jpg","width":756,"height":746},{"@type":"BreadcrumbList","@id":"https:\/\/www.optic2000.ch\/de\/gesundheit\/sicht-kinder\/die-losungen-um-die-kurzsichtigkeit-zu-bremsen\/#breadcrumb","itemListElement":[{"@type":"ListItem","position":1,"name":"Accueil","item":"https:\/\/www.optic2000.ch\/de\/"},{"@type":"ListItem","position":2,"name":"Die L\u00f6sungen, um die Kurzsichtigkeit zu bremsen"}]},{"@type":"WebSite","@id":"https:\/\/www.optic2000.ch\/de\/#website","url":"https:\/\/www.optic2000.ch\/de\/","name":"Optic 2000","description":"","potentialAction":[{"@type":"SearchAction","target":{"@type":"EntryPoint","urlTemplate":"https:\/\/www.optic2000.ch\/de\/?s={search_term_string}"},"query-input":{"@type":"PropertyValueSpecification","valueRequired":true,"valueName":"search_term_string"}}],"inLanguage":"de"},{"@type":"Person","@id":"https:\/\/www.optic2000.ch\/de\/#\/schema\/person\/c5a01ae556a26ba251522d96f515d4a6","name":"Rose","image":{"@type":"ImageObject","inLanguage":"de","@id":"https:\/\/secure.gravatar.com\/avatar\/ff093650fac9ab0a28b4fa786664a5b762c9ddfeef155339acdbcc34d1d62f4c?s=96&d=mm&r=g","url":"https:\/\/secure.gravatar.com\/avatar\/ff093650fac9ab0a28b4fa786664a5b762c9ddfeef155339acdbcc34d1d62f4c?s=96&d=mm&r=g","contentUrl":"https:\/\/secure.gravatar.com\/avatar\/ff093650fac9ab0a28b4fa786664a5b762c9ddfeef155339acdbcc34d1d62f4c?s=96&d=mm&r=g","caption":"Rose"}}]}},"_links":{"self":[{"href":"https:\/\/www.optic2000.ch\/de\/wp-json\/wp\/v2\/posts\/52739","targetHints":{"allow":["GET"]}}],"collection":[{"href":"https:\/\/www.optic2000.ch\/de\/wp-json\/wp\/v2\/posts"}],"about":[{"href":"https:\/\/www.optic2000.ch\/de\/wp-json\/wp\/v2\/types\/post"}],"author":[{"embeddable":true,"href":"https:\/\/www.optic2000.ch\/de\/wp-json\/wp\/v2\/users\/3"}],"replies":[{"embeddable":true,"href":"https:\/\/www.optic2000.ch\/de\/wp-json\/wp\/v2\/comments?post=52739"}],"version-history":[{"count":5,"href":"https:\/\/www.optic2000.ch\/de\/wp-json\/wp\/v2\/posts\/52739\/revisions"}],"predecessor-version":[{"id":52744,"href":"https:\/\/www.optic2000.ch\/de\/wp-json\/wp\/v2\/posts\/52739\/revisions\/52744"}],"wp:featuredmedia":[{"embeddable":true,"href":"https:\/\/www.optic2000.ch\/de\/wp-json\/wp\/v2\/media\/41645"}],"wp:attachment":[{"href":"https:\/\/www.optic2000.ch\/de\/wp-json\/wp\/v2\/media?parent=52739"}],"wp:term":[{"taxonomy":"category","embeddable":true,"href":"https:\/\/www.optic2000.ch\/de\/wp-json\/wp\/v2\/categories?post=52739"}],"curies":[{"name":"wp","href":"https:\/\/api.w.org\/{rel}","templated":true}]}}